{"id":16698,"date":"2020-06-23T20:25:50","date_gmt":"2020-06-23T23:25:50","guid":{"rendered":"http:\/\/blogs.correiobraziliense.com.br\/servidor\/?p=16698"},"modified":"2020-06-23T20:25:50","modified_gmt":"2020-06-23T23:25:50","slug":"inss-se-prepara-para-retorno-do-trabalho-presencial-no-dia-6-de-julho","status":"publish","type":"post","link":"https:\/\/blogs.correiobraziliense.com.br\/servidor\/inss-se-prepara-para-retorno-do-trabalho-presencial-no-dia-6-de-julho\/","title":{"rendered":"INSS se prepara para retorno do trabalho presencial no dia 6 de julho"},"content":{"rendered":"<p><em><strong>Hoje, na sede, em Bras\u00edlia, funcion\u00e1rio fizeram a sanitiza\u00e7\u00e3o do ambiente. Comenta-se, no entanto, que a\u00a0decis\u00e3o foi tomada depois que uma ala do 10\u00ba andar, vizinha ao gabinete do presidente do instituto, foi lacrada quando um servidor com livre acesso testou positivo para a Covid-19<\/strong><\/em><\/p>\n<p><img loading=\"lazy\" decoding=\"async\" class=\"alignright size-large wp-image-16699\" src=\"https:\/\/blogs.correiobraziliense.com.br\/servidor\/wp-content\/uploads\/sites\/10\/2020\/06\/WhatsApp-Image-2020-06-23-at-19.03.54-2-1024x768.jpeg\" alt=\"\" width=\"1024\" height=\"768\" srcset=\"https:\/\/blogs.correiobraziliense.com.br\/servidor\/wp-content\/uploads\/sites\/10\/2020\/06\/WhatsApp-Image-2020-06-23-at-19.03.54-2.jpeg 1024w, https:\/\/blogs.correiobraziliense.com.br\/servidor\/wp-content\/uploads\/sites\/10\/2020\/06\/WhatsApp-Image-2020-06-23-at-19.03.54-2-300x225.jpeg 300w, https:\/\/blogs.correiobraziliense.com.br\/servidor\/wp-content\/uploads\/sites\/10\/2020\/06\/WhatsApp-Image-2020-06-23-at-19.03.54-2-768x576.jpeg 768w, https:\/\/blogs.correiobraziliense.com.br\/servidor\/wp-content\/uploads\/sites\/10\/2020\/06\/WhatsApp-Image-2020-06-23-at-19.03.54-2-550x413.jpeg 550w, https:\/\/blogs.correiobraziliense.com.br\/servidor\/wp-content\/uploads\/sites\/10\/2020\/06\/WhatsApp-Image-2020-06-23-at-19.03.54-2-230x173.jpeg 230w\" sizes=\"auto, (max-width: 1024px) 100vw, 1024px\" \/><\/p>\n<p>De acordo com servidores, o clima pesou na administra\u00e7\u00e3o central do Instituto Nacional do Seguro Social (INSS) diante da dissemina\u00e7\u00e3o do novo coronav\u00edrus entre funcion\u00e1rios do \u00f3rg\u00e3o.\u00a0A situa\u00e7\u00e3o est\u00e1 t\u00e3o preocupante, que a dire\u00e7\u00e3o do INSS pediu\u00a0ao governo do Distrito Federal a sanitiza\u00e7\u00e3o completa do edif\u00edcio-sede.<\/p>\n<p>https:\/\/youtube.com\/watch?v=c5Ks4HdXjZc<\/p>\n<p>Mas essa decis\u00e3o foi tomada depois que uma ala do 10\u00ba andar, vizinha ao gabinete do presidente do instituto, foi lacrada quando um servidor com livre acesso testou positivo para a covid-19, contam servidores, que se preocupam com o retorno, pois o pr\u00e9dio tem sistema de ar condicionado central e pouca ventila\u00e7\u00e3o natural<\/p>\n<p>H\u00e1 medo generalizado de cont\u00e1gio entre aqueles que continuam no trabalho presencial.\u00a0Segundo fontes, ainda h\u00e1 pelos corredores do pr\u00e9dio do INSS quem circule sem m\u00e1scaras, o que tem chamado a aten\u00e7\u00e3o das autoridades sanit\u00e1rias. Esse pode ser um dos motivos da dissemina\u00e7\u00e3o do v\u00edrus no local.<br \/>\n<strong>\u00a0<\/strong><br \/>\n<strong>Testes de Covid-19<\/strong><\/p>\n<p>As fontes apontaram, ainda, que, para tentar reverter esse quadro, gestores do INSS pensam em uma forma de providenciar testes r\u00e1pidos para quem ainda frequenta a reparti\u00e7\u00e3o. Mas nada avan\u00e7ou nesse sentido at\u00e9 o momento.<\/p>\n<p>O problema na administra\u00e7\u00e3o central do INSS surge no momento em que o governo anuncia a reabertura das ag\u00eancias do \u00f3rg\u00e3o em 6 julho. E h\u00e1 movimenta\u00e7\u00f5es para o retorno da \u00e1rea-meio do \u00f3rg\u00e3o ao trabalho presencial.<\/p>\n<p>&#8220;N\u00e3o custa lembrar que o p\u00fablico que frequenta as ag\u00eancias do INSS \u00e9 composto, em sua maioria, do grupo de risco: idosos, doentes e pessoas com defici\u00eancia&#8221;, lembram<\/p>\n","protected":false},"excerpt":{"rendered":"<p>Hoje, na sede, em Bras\u00edlia, funcion\u00e1rio fizeram a sanitiza\u00e7\u00e3o do ambiente. Comenta-se, no entanto, que a\u00a0decis\u00e3o foi tomada depois que uma ala do 10\u00ba andar, vizinha ao gabinete do presidente do instituto, foi lacrada quando um servidor com livre acesso testou positivo para a Covid-19 De acordo com servidores, o clima pesou na administra\u00e7\u00e3o central do Instituto Nacional do Seguro [&hellip;]<\/p>\n","protected":false},"author":89,"featured_media":0,"comment_status":"open","ping_status":"closed","sticky":false,"template":"","format":"standard","meta":{"footnotes":""},"categories":[2719],"tags":[1935,17245,10474,16896,17256,68,17765,1341,3385,4384,98,11,664,4879,1788,81,16,17766,10471,17767,58,25,261,274],"class_list":["post-16698","post","type-post","status-publish","format-standard","hentry","category-servidor","tag-autoridades","tag-contagio","tag-contaminacao","tag-coronavirus","tag-covid-19","tag-df","tag-edificio-sede","tag-funcionarios","tag-gabinete","tag-gestores","tag-governo","tag-inss","tag-mascaras","tag-positivo","tag-presencial","tag-presidente","tag-retorno","tag-sala","tag-sanitarias","tag-sanitizacao","tag-servidores","tag-testes","tag-trabalho","tag-virus"],"_links":{"self":[{"href":"https:\/\/blogs.correiobraziliense.com.br\/servidor\/wp-json\/wp\/v2\/posts\/16698","targetHints":{"allow":["GET"]}}],"collection":[{"href":"https:\/\/blogs.correiobraziliense.com.br\/servidor\/wp-json\/wp\/v2\/posts"}],"about":[{"href":"https:\/\/blogs.correiobraziliense.com.br\/servidor\/wp-json\/wp\/v2\/types\/post"}],"author":[{"embeddable":true,"href":"https:\/\/blogs.correiobraziliense.com.br\/servidor\/wp-json\/wp\/v2\/users\/89"}],"replies":[{"embeddable":true,"href":"https:\/\/blogs.correiobraziliense.com.br\/servidor\/wp-json\/wp\/v2\/comments?post=16698"}],"version-history":[{"count":0,"href":"https:\/\/blogs.correiobraziliense.com.br\/servidor\/wp-json\/wp\/v2\/posts\/16698\/revisions"}],"wp:attachment":[{"href":"https:\/\/blogs.correiobraziliense.com.br\/servidor\/wp-json\/wp\/v2\/media?parent=16698"}],"wp:term":[{"taxonomy":"category","embeddable":true,"href":"https:\/\/blogs.correiobraziliense.com.br\/servidor\/wp-json\/wp\/v2\/categories?post=16698"},{"taxonomy":"post_tag","embeddable":true,"href":"https:\/\/blogs.correiobraziliense.com.br\/servidor\/wp-json\/wp\/v2\/tags?post=16698"}],"curies":[{"name":"wp","href":"https:\/\/api.w.org\/{rel}","templated":true}]}}