{"id":16657,"date":"2020-06-19T14:48:34","date_gmt":"2020-06-19T17:48:34","guid":{"rendered":"http:\/\/blogs.correiobraziliense.com.br\/servidor\/?p=16657"},"modified":"2020-06-19T14:48:34","modified_gmt":"2020-06-19T17:48:34","slug":"abono-salarial-2020-2021-comeca-a-ser-pago-no-final-deste-mes","status":"publish","type":"post","link":"https:\/\/blogs.correiobraziliense.com.br\/servidor\/abono-salarial-2020-2021-comeca-a-ser-pago-no-final-deste-mes\/","title":{"rendered":"Abono salarial 2020\/2021 come\u00e7a a ser pago no final deste m\u00eas"},"content":{"rendered":"<p><em><strong>Para correntistas da Caixa e do Banco do Brasil, o dinheiro estar\u00e1 dispon\u00edvel em 30 de junho, para os demais, a partir de 16 de julho. Para trabalhadores da iniciativa privada, vinculados ao Programa de Integra\u00e7\u00e3o Social (PIS), \u00e9 considerado o m\u00eas de nascimento. Para funcion\u00e1rios p\u00fablicos, associados ao Programa de Forma\u00e7\u00e3o do Patrim\u00f4nio do Servidor P\u00fablico (Pasep), vale o d\u00edgito final do n\u00famero de inscri\u00e7\u00e3o<\/strong><\/em><\/p>\n<p><img decoding=\"async\" src=\"http:\/\/trabalho.gov.br\/images\/Noticias\/Jun-2020\/tabela-pis-pasep.jpg\" \/><\/p>\n<p>O pagamento do abono salarial ano-base 2019 come\u00e7a no pr\u00f3ximo dia 30 e termina em 30 de junho de 2021, informa o Minist\u00e9rio da Economia.\u00a0O calend\u00e1rio do Abono Salarial (http:\/\/trabalho.gov.br\/images\/Noticias\/Jun-2020\/tabela-pis-pasep.jpgano-base 2019 foi definido pelo Conselho Deliberativo do Fundo de Amparo ao Trabalhador (Codefat) e publicado no Di\u00e1rio Oficial da Uni\u00e3o, em abril. (<a href=\"http:\/\/www.in.gov.br\/en\/web\/dou\/-\/resolucao-n-857-de-1-de-abril-de-2020-251136606\">http:\/\/www.in.gov.br\/en\/web\/dou\/-\/resolucao-n-857-de-1-de-abril-de-2020-251136606<\/a>)<\/p>\n<p>Quem nasceu entre julho e dezembro recebe o PIS ainda este ano. Os nascidos entre janeiro e junho ter\u00e3o o recurso dispon\u00edvel para saque em 2021. Os servidores p\u00fablicos com o final de inscri\u00e7\u00e3o do Pasep entre 0 e 4 tamb\u00e9m recebem este ano. J\u00e1 as inscri\u00e7\u00f5es com o final entre 5 e 9, no pr\u00f3ximo ano. O fechamento do calend\u00e1rio de pagamento do exerc\u00edcio 2020\/2021 ser\u00e1 no dia 30 de junho de 2021.<\/p>\n<p>Confira o calend\u00e1rio de pagamento: http:\/\/trabalho.gov.br\/images\/Noticias\/Jun-2020\/tabela-pis-pasep.jpg<\/p>\n<p>Quem n\u00e3o sacou o Abono do calend\u00e1rio 2019\/2020 poder\u00e1 pegar o dinheiro agora no calend\u00e1rio 2020\/2021 ou em at\u00e9 cinco anos, sem a necessidade de determina\u00e7\u00e3o judicial, conforme estabelece o artigo 4\u00ba da Resolu\u00e7\u00e3o 838 do Codefat, informa o minist\u00e9rio. Dessa forma, correntistas da Caixa e do Banco do Brasil ter\u00e3o os cr\u00e9ditos em conta dispon\u00edveis tamb\u00e9m a partir de 30 de junho e os demais trabalhadores poder\u00e3o fazer o saque a partir de 16 de julho.<\/p>\n<p>Q<strong>uem recebe<\/strong><\/p>\n<p>Para ter direito ao abono salarial do PIS\/Pasep \u00e9 necess\u00e1rio ter trabalhado formalmente por pelo menos 30 dias em 2019, com remunera\u00e7\u00e3o m\u00e9dia de at\u00e9 dois sal\u00e1rios m\u00ednimos. Al\u00e9m disso, o trabalhador tem que estar inscrito no PIS\/Pasep h\u00e1 pelo menos cinco anos e ter tido seus dados informados corretamente pelo empregador na Rela\u00e7\u00e3o Anual de Informa\u00e7\u00f5es Sociais (Rais).<\/p>\n<p>Para os trabalhadores que tiverem os dados declarados na Rais 2019 fora do prazo e entregues at\u00e9 30 de setembro de 2020, o pagamento do benef\u00edcio estar\u00e1 dispon\u00edvel a partir de 4 de novembro de 2020, conforme calend\u00e1rio de pagamento aprovado, e, ap\u00f3s este prazo, somente no calend\u00e1rio do exerc\u00edcio seguinte.<\/p>\n<p>As regulariza\u00e7\u00f5es cadastrais encaminhadas pelos empregadores at\u00e9 12 de junho de 2021 ser\u00e3o pagas at\u00e9 o final do calend\u00e1rio estabelecido, ap\u00f3s esta data, somente no pr\u00f3ximo calend\u00e1rio.<\/p>\n<p>A quantia que cada trabalhador tem para receber \u00e9 proporcional ao n\u00famero de meses trabalhados formalmente em 2019. O valor do abono salarial ser\u00e1 calculado na propor\u00e7\u00e3o 1\/12 do sal\u00e1rio m\u00ednimo vigente na data do pagamento. No caso de falecimento do participante, herdeiros t\u00eam direito ao saque. Para isso, \u00e9 necess\u00e1rio apresentar documentos que comprovam a morte e a condi\u00e7\u00e3o do benefici\u00e1rio legal, refor\u00e7a o \u00f3rg\u00e3o.<\/p>\n","protected":false},"excerpt":{"rendered":"<p>Para correntistas da Caixa e do Banco do Brasil, o dinheiro estar\u00e1 dispon\u00edvel em 30 de junho, para os demais, a partir de 16 de julho. Para trabalhadores da iniciativa privada, vinculados ao Programa de Integra\u00e7\u00e3o Social (PIS), \u00e9 considerado o m\u00eas de nascimento. Para funcion\u00e1rios p\u00fablicos, associados ao Programa de Forma\u00e7\u00e3o do Patrim\u00f4nio do Servidor P\u00fablico (Pasep), vale o [&hellip;]<\/p>\n","protected":false},"author":89,"featured_media":0,"comment_status":"open","ping_status":"closed","sticky":false,"template":"","format":"standard","meta":{"footnotes":""},"categories":[2719],"tags":[5391,1828,191,17748,9969,146,151,2190,58,19],"class_list":["post-16657","post","type-post","status-publish","format-standard","hentry","category-servidor","tag-abono-salarial","tag-calendario","tag-data","tag-digito","tag-funcionarios-publicos","tag-nascimento","tag-pagamento","tag-pispasep","tag-servidores","tag-trabalhadores"],"_links":{"self":[{"href":"https:\/\/blogs.correiobraziliense.com.br\/servidor\/wp-json\/wp\/v2\/posts\/16657","targetHints":{"allow":["GET"]}}],"collection":[{"href":"https:\/\/blogs.correiobraziliense.com.br\/servidor\/wp-json\/wp\/v2\/posts"}],"about":[{"href":"https:\/\/blogs.correiobraziliense.com.br\/servidor\/wp-json\/wp\/v2\/types\/post"}],"author":[{"embeddable":true,"href":"https:\/\/blogs.correiobraziliense.com.br\/servidor\/wp-json\/wp\/v2\/users\/89"}],"replies":[{"embeddable":true,"href":"https:\/\/blogs.correiobraziliense.com.br\/servidor\/wp-json\/wp\/v2\/comments?post=16657"}],"version-history":[{"count":0,"href":"https:\/\/blogs.correiobraziliense.com.br\/servidor\/wp-json\/wp\/v2\/posts\/16657\/revisions"}],"wp:attachment":[{"href":"https:\/\/blogs.correiobraziliense.com.br\/servidor\/wp-json\/wp\/v2\/media?parent=16657"}],"wp:term":[{"taxonomy":"category","embeddable":true,"href":"https:\/\/blogs.correiobraziliense.com.br\/servidor\/wp-json\/wp\/v2\/categories?post=16657"},{"taxonomy":"post_tag","embeddable":true,"href":"https:\/\/blogs.correiobraziliense.com.br\/servidor\/wp-json\/wp\/v2\/tags?post=16657"}],"curies":[{"name":"wp","href":"https:\/\/api.w.org\/{rel}","templated":true}]}}