{"id":16654,"date":"2020-06-19T10:05:30","date_gmt":"2020-06-19T13:05:30","guid":{"rendered":"http:\/\/blogs.correiobraziliense.com.br\/servidor\/?p=16654"},"modified":"2020-06-19T10:05:30","modified_gmt":"2020-06-19T13:05:30","slug":"assediometro-computa-casos-de-assedio-institucional-no-servico-publico","status":"publish","type":"post","link":"https:\/\/blogs.correiobraziliense.com.br\/servidor\/assediometro-computa-casos-de-assedio-institucional-no-servico-publico\/","title":{"rendered":"&#8220;Assedi\u00f4metro&#8221; computa casos de ass\u00e9dio institucional no servi\u00e7o p\u00fablico"},"content":{"rendered":"<p><em><strong>A Articula\u00e7\u00e3o Nacional de Carreiras P\u00fablicas (ARCA) e a Associa\u00e7\u00e3o dos Funcion\u00e1rios do Ipea (Afipea) lan\u00e7am no pr\u00f3ximo dia 23 de junho, a partir das 19 horas, o \u201c<a href=\"https:\/\/mailchi.mp\/b7c61397515f\/assedimetro\">Assedi\u00f4metro<\/a>\u201c, uma p\u00e1gina na internet onde ser\u00e3o computados os casos de ass\u00e9dio institucional no servi\u00e7o p\u00fablico. Tamb\u00e9m ser\u00e1 poss\u00edvel fazer den\u00fancias por e-mail ou formul\u00e1rio online<\/strong><\/em><\/p>\n<p><img loading=\"lazy\" decoding=\"async\" class=\"alignright size-full wp-image-16655\" src=\"https:\/\/blogs.correiobraziliense.com.br\/servidor\/wp-content\/uploads\/sites\/10\/2020\/06\/casos-de-ass\u00e9dio.jpg\" alt=\"\" width=\"930\" height=\"375\" srcset=\"https:\/\/blogs.correiobraziliense.com.br\/servidor\/wp-content\/uploads\/sites\/10\/2020\/06\/casos-de-ass\u00e9dio.jpg 930w, https:\/\/blogs.correiobraziliense.com.br\/servidor\/wp-content\/uploads\/sites\/10\/2020\/06\/casos-de-ass\u00e9dio-300x121.jpg 300w, https:\/\/blogs.correiobraziliense.com.br\/servidor\/wp-content\/uploads\/sites\/10\/2020\/06\/casos-de-ass\u00e9dio-768x310.jpg 768w, https:\/\/blogs.correiobraziliense.com.br\/servidor\/wp-content\/uploads\/sites\/10\/2020\/06\/casos-de-ass\u00e9dio-550x222.jpg 550w, https:\/\/blogs.correiobraziliense.com.br\/servidor\/wp-content\/uploads\/sites\/10\/2020\/06\/casos-de-ass\u00e9dio-230x93.jpg 230w\" sizes=\"auto, (max-width: 930px) 100vw, 930px\" \/><\/p>\n<p>O lan\u00e7amento do site acontecer\u00e1 durante uma live na <a href=\"https:\/\/www.facebook.com\/arcadesenvolvimentosustentavel\">p\u00e1gina da Arca no Facebook<\/a>. Como tema \u201cAss\u00e9dio institucional no setor p\u00fablico: riscos \u00e0 democracia e \u00e0 cidadania\u201d, a live discutir\u00e1 tanto as pr\u00e1ticas de ass\u00e9dio quanto as eventuais implica\u00e7\u00f5es jur\u00eddicas.<\/p>\n<p>Participam Jos\u00e9 Celso Cardoso Jr, pesquisador do Ipea e presidente da Afipea; Rubens Valente, colunista do UOL; Paulo Fontes, Desembargador do TRF3; Jo\u00e3o Marcos Fonseca de Melo, s\u00f3cio do Fonseca de Melo &amp; Britto Advogados; e Cl\u00e1udio Pereira de Souza Neto, professor e consultor da \u00e1rea do Direito Constitucional.<\/p>\n<p><strong>Ass\u00e9dio<\/strong><\/p>\n<p>Na p\u00e1gina da Arca, os organizadores destacam: &#8220;fen\u00f4meno novo e perturbador no interior do setor p\u00fablico brasileiro&#8221;, com formas de manifesta\u00e7\u00e3o diversas e consequ\u00eancias delet\u00e9rias ao bom funcionamento de organiza\u00e7\u00f5es estatais e ao desempenho profissional adequado de seus servidores, o ass\u00e9dio institucional \u00e9 identificado em um n\u00famero crescente de organiza\u00e7\u00f5es p\u00fablicas&#8221;.<\/p>\n<p>Assim, o Assedi\u00f4metro foi criado para demonstrar a amplitude de um conjunto de discursos, falas e posicionamentos p\u00fablicos, bem como imposi\u00e7\u00f5es normativas e pr\u00e1ticas administrativas, realizado ou emanado (direta ou indiretamente) por dirigentes e gestores p\u00fablicos localizados em posi\u00e7\u00f5es hier\u00e1rquicas superiores, e que implica em recorrentes amea\u00e7as, cerceamentos, constrangimentos, desautoriza\u00e7\u00f5es, desqualifica\u00e7\u00f5es e deslegitima\u00e7\u00f5es acerca de determinadas organiza\u00e7\u00f5es p\u00fablicas e suas miss\u00f5es institucionais e fun\u00e7\u00f5es prec\u00edpuas.<\/p>\n","protected":false},"excerpt":{"rendered":"<p>A Articula\u00e7\u00e3o Nacional de Carreiras P\u00fablicas (ARCA) e a Associa\u00e7\u00e3o dos Funcion\u00e1rios do Ipea (Afipea) lan\u00e7am no pr\u00f3ximo dia 23 de junho, a partir das 19 horas, o \u201cAssedi\u00f4metro\u201c, uma p\u00e1gina na internet onde ser\u00e3o computados os casos de ass\u00e9dio institucional no servi\u00e7o p\u00fablico. Tamb\u00e9m ser\u00e1 poss\u00edvel fazer den\u00fancias por e-mail ou formul\u00e1rio online O lan\u00e7amento do site acontecer\u00e1 durante [&hellip;]<\/p>\n","protected":false},"author":89,"featured_media":0,"comment_status":"open","ping_status":"closed","sticky":false,"template":"","format":"standard","meta":{"footnotes":""},"categories":[2719],"tags":[4434,17746,2553,12284,1870,17747,16993,8701,457,16994,16996,16995,2050,6680,4384,2138,2882,4658,478,575],"class_list":["post-16654","post","type-post","status-publish","format-standard","hentry","category-servidor","tag-administrativas","tag-afipea","tag-ameacas","tag-arca","tag-assedio","tag-assediometro","tag-cerceamentos","tag-constrangimentos","tag-denuncias","tag-desautorizacoes","tag-deslegitimacoes","tag-desqualificacoes","tag-dirigentes","tag-discursos","tag-gestores","tag-institucional","tag-internet","tag-online","tag-profissional","tag-servico-publico"],"_links":{"self":[{"href":"https:\/\/blogs.correiobraziliense.com.br\/servidor\/wp-json\/wp\/v2\/posts\/16654","targetHints":{"allow":["GET"]}}],"collection":[{"href":"https:\/\/blogs.correiobraziliense.com.br\/servidor\/wp-json\/wp\/v2\/posts"}],"about":[{"href":"https:\/\/blogs.correiobraziliense.com.br\/servidor\/wp-json\/wp\/v2\/types\/post"}],"author":[{"embeddable":true,"href":"https:\/\/blogs.correiobraziliense.com.br\/servidor\/wp-json\/wp\/v2\/users\/89"}],"replies":[{"embeddable":true,"href":"https:\/\/blogs.correiobraziliense.com.br\/servidor\/wp-json\/wp\/v2\/comments?post=16654"}],"version-history":[{"count":0,"href":"https:\/\/blogs.correiobraziliense.com.br\/servidor\/wp-json\/wp\/v2\/posts\/16654\/revisions"}],"wp:attachment":[{"href":"https:\/\/blogs.correiobraziliense.com.br\/servidor\/wp-json\/wp\/v2\/media?parent=16654"}],"wp:term":[{"taxonomy":"category","embeddable":true,"href":"https:\/\/blogs.correiobraziliense.com.br\/servidor\/wp-json\/wp\/v2\/categories?post=16654"},{"taxonomy":"post_tag","embeddable":true,"href":"https:\/\/blogs.correiobraziliense.com.br\/servidor\/wp-json\/wp\/v2\/tags?post=16654"}],"curies":[{"name":"wp","href":"https:\/\/api.w.org\/{rel}","templated":true}]}}