{"id":16636,"date":"2020-06-18T13:23:52","date_gmt":"2020-06-18T16:23:52","guid":{"rendered":"http:\/\/blogs.correiobraziliense.com.br\/servidor\/?p=16636"},"modified":"2020-06-18T13:23:52","modified_gmt":"2020-06-18T16:23:52","slug":"anpprev-repudia-tentativa-de-reducao-salarial-do-funcionalismo","status":"publish","type":"post","link":"https:\/\/blogs.correiobraziliense.com.br\/servidor\/anpprev-repudia-tentativa-de-reducao-salarial-do-funcionalismo\/","title":{"rendered":"Anpprev repudia tentativa de redu\u00e7\u00e3o salarial do funcionalismo"},"content":{"rendered":"<p><em><strong>A Associa\u00e7\u00e3o Nacional dos Procuradores e Advogados P\u00fablicos Federais (Anpprev) repudia a proposta da deputada Carla Zambelli (PSL\/SP), que prev\u00ea corte de 25% sobre remunera\u00e7\u00f5es do funcionalismo nas esferas federal, estadual, distrital e municipal, dos tr\u00eas Poderes e do Minist\u00e9rio P\u00fablico<\/strong><\/em><\/p>\n<p>&#8220;N\u00e3o podemos aceitar que, sob pleito social justo, seja perpetrado um novo ataque, respaldado pela campanha falaciosa que atribui ao servidor a pecha de inimigo das contas p\u00fablicas. A Anpprev, em conjunto com outras representa\u00e7\u00f5es do servi\u00e7o p\u00fablico, j\u00e1 busca interlocu\u00e7\u00e3o no Parlamento com vistas a impedir que este e outros ataques aos servidores sejam efetivados&#8221;, afirma a entidade.<\/p>\n<p>Veja a nota:<\/p>\n<p>&#8220;Novamente, os sal\u00e1rios dos servidores p\u00fablicos est\u00e3o na mira do Legislativo. A deputada Carla Zambelli (PSL\/SP) colhe assinaturas para apresenta\u00e7\u00e3o de Proposta de Emenda \u00e0 Constitui\u00e7\u00e3o (PEC) que visa reduzir em 25% remunera\u00e7\u00f5es, iguais ou superiores a R$15 mil, do funcionalismo nas esferas federal, estadual, distrital e municipal, dos tr\u00eas Poderes e do Minist\u00e9rio P\u00fablico. A medida, que tem como pretexto direcionar recursos \u201cpreferencialmente\u201d para a\u00e7\u00f5es de combate \u00e0 Covid-19, vigoraria pelo per\u00edodo de tr\u00eas meses, ou enquanto perdurasse a pandemia do novo Coronav\u00edrus.<\/p>\n<p>A ANPPREV repudia, de maneira veemente, esta amea\u00e7a. N\u00e3o podemos aceitar que, sob pleito social justo, seja perpetrado um novo ataque, respaldado pela campanha falaciosa que atribui ao servidor a pecha de inimigo das contas p\u00fablicas. Discurso semelhante serviu para fundamentar, diante da opini\u00e3o p\u00fablica, a mais recente reforma da Previd\u00eancia, que imp\u00f4s uma redu\u00e7\u00e3o salarial significativa a grande parcela das carreiras. \u00c0s diversas investidas sobre o poder de compra da classe, soma-se, ainda, a persistente corros\u00e3o inflacion\u00e1ria n\u00e3o recuperada.<\/p>\n<p>Importa pontuar tamb\u00e9m que o poss\u00edvel corte remunerat\u00f3rio tende a agravar o cen\u00e1rio de crise econ\u00f4mica que acomete em grande medida a ind\u00fastria e o com\u00e9rcio em todo o pa\u00eds. Com menos dinheiro em circula\u00e7\u00e3o, o consumo de bens e servi\u00e7os ser\u00e1 diretamente afetado.<\/p>\n<p>Por fim, destacamos que os servidores p\u00fablicos t\u00eam envidado esfor\u00e7os e demonstrado protagonismo, neste momento de adversidade, diante da crescente demanda social, viabilizando garantias constitucionais \u00e0 sociedade e medidas de enfrentamento \u00e0 pandemia que assola o pa\u00eds.<\/p>\n<p>A ANPPREV, em conjunto com outras representa\u00e7\u00f5es do servi\u00e7o p\u00fablico, j\u00e1 busca interlocu\u00e7\u00e3o no Parlamento com vistas a impedir que este e outros ataques aos servidores sejam efetivados.&#8221;<\/p>\n","protected":false},"excerpt":{"rendered":"<p>A Associa\u00e7\u00e3o Nacional dos Procuradores e Advogados P\u00fablicos Federais (Anpprev) repudia a proposta da deputada Carla Zambelli (PSL\/SP), que prev\u00ea corte de 25% sobre remunera\u00e7\u00f5es do funcionalismo nas esferas federal, estadual, distrital e municipal, dos tr\u00eas Poderes e do Minist\u00e9rio P\u00fablico &#8220;N\u00e3o podemos aceitar que, sob pleito social justo, seja perpetrado um novo ataque, respaldado pela campanha falaciosa que atribui [&hellip;]<\/p>\n","protected":false},"author":89,"featured_media":0,"comment_status":"open","ping_status":"closed","sticky":false,"template":"","format":"standard","meta":{"footnotes":""},"categories":[2719],"tags":[4308,10773,16896,258,17256,4466,3305,124,1164,11243,853,3154,17255,2156,325,4424,18,8,58],"class_list":["post-16636","post","type-post","status-publish","format-standard","hentry","category-servidor","tag-anpprev","tag-contas-publicas","tag-coronavirus","tag-corte","tag-covid-19","tag-deputada","tag-estadual","tag-federal","tag-funcionalismo","tag-inimigo","tag-mp","tag-municipal","tag-pandemia","tag-pec","tag-reducao","tag-remuneracoes","tag-salarial","tag-servidor","tag-servidores"],"_links":{"self":[{"href":"https:\/\/blogs.correiobraziliense.com.br\/servidor\/wp-json\/wp\/v2\/posts\/16636","targetHints":{"allow":["GET"]}}],"collection":[{"href":"https:\/\/blogs.correiobraziliense.com.br\/servidor\/wp-json\/wp\/v2\/posts"}],"about":[{"href":"https:\/\/blogs.correiobraziliense.com.br\/servidor\/wp-json\/wp\/v2\/types\/post"}],"author":[{"embeddable":true,"href":"https:\/\/blogs.correiobraziliense.com.br\/servidor\/wp-json\/wp\/v2\/users\/89"}],"replies":[{"embeddable":true,"href":"https:\/\/blogs.correiobraziliense.com.br\/servidor\/wp-json\/wp\/v2\/comments?post=16636"}],"version-history":[{"count":0,"href":"https:\/\/blogs.correiobraziliense.com.br\/servidor\/wp-json\/wp\/v2\/posts\/16636\/revisions"}],"wp:attachment":[{"href":"https:\/\/blogs.correiobraziliense.com.br\/servidor\/wp-json\/wp\/v2\/media?parent=16636"}],"wp:term":[{"taxonomy":"category","embeddable":true,"href":"https:\/\/blogs.correiobraziliense.com.br\/servidor\/wp-json\/wp\/v2\/categories?post=16636"},{"taxonomy":"post_tag","embeddable":true,"href":"https:\/\/blogs.correiobraziliense.com.br\/servidor\/wp-json\/wp\/v2\/tags?post=16636"}],"curies":[{"name":"wp","href":"https:\/\/api.w.org\/{rel}","templated":true}]}}