{"id":16622,"date":"2020-06-17T19:14:48","date_gmt":"2020-06-17T22:14:48","guid":{"rendered":"http:\/\/blogs.correiobraziliense.com.br\/servidor\/?p=16622"},"modified":"2020-06-17T19:14:48","modified_gmt":"2020-06-17T22:14:48","slug":"sem-razao","status":"publish","type":"post","link":"https:\/\/blogs.correiobraziliense.com.br\/servidor\/sem-razao\/","title":{"rendered":"Sem raz\u00e3o"},"content":{"rendered":"<p><em><strong>&#8220;O interesse de alguns n\u00e3o pode se sobrepor ao interesse p\u00fablico.&#8221;<\/strong><\/em><\/p>\n<p><em><strong>Marcos Cesar Alves Silva*<\/strong><\/em><\/p>\n<p>Diante das \u00faltimas declara\u00e7\u00f5es do ministro do Economia a respeito das privatiza\u00e7\u00f5es, a ADCAP \u2013 Associa\u00e7\u00e3o dos Profissionais dos Correios \u2013 reafirma que n\u00e3o h\u00e1 raz\u00e3o para que a estatal seja privatizada.<\/p>\n<p>N\u00e3o importa se a empresa consegue sobreviver com seus pr\u00f3prios recursos mesmo atendendo em todos os munic\u00edpios do pa\u00eds, algo que nenhuma outra empresa brasileira conseguiu fazer at\u00e9 hoje.<\/p>\n<p>N\u00e3o importa que os servi\u00e7os desenvolvidos pela empresa sejam reconhecidos mundialmente por meio de pr\u00eamios e men\u00e7\u00f5es em publica\u00e7\u00f5es especializadas, como acaba de ocorrer no World Mail Awards.<\/p>\n<p>N\u00e3o importa que todo o com\u00e9rcio eletr\u00f4nico brasileiro, a vertente mais pujante da economia nacional neste momento, esteja sustentado pela infraestrutura oferecida pela empresa.<\/p>\n<p>N\u00e3o importa que centenas de milhares de empregos diretos e indiretos existam em fun\u00e7\u00e3o da opera\u00e7\u00e3o exitosa da empresa, mesmo num cen\u00e1rio de desaparecimento r\u00e1pido de milh\u00f5es de empregos de vido \u00e0 pandemia.<\/p>\n<p>Para o Ministro da Economia nada disso importa e, na falta de outro argumento para justificar a inten\u00e7\u00e3o de privatiza\u00e7\u00e3o, agora se agarra \u00e0 necessidade de fazer caixa.<\/p>\n<p>O Congresso Nacional, representando os brasileiros que s\u00f3 ser\u00e3o prejudicados se esse intento seguir em frente, saber\u00e1 defender a import\u00e2ncia da infraestrutura p\u00fablica postal para o pa\u00eds.<\/p>\n<p>O interesse de alguns n\u00e3o pode se sobrepor ao interesse p\u00fablico.<\/p>\n<p>*Marcos Cesar Alves Silva &#8211; Vice-Presidente da ADCAP &#8211; Associa\u00e7\u00e3o dos Profissionais dos Correios<\/p>\n","protected":false},"excerpt":{"rendered":"<p>&#8220;O interesse de alguns n\u00e3o pode se sobrepor ao interesse p\u00fablico.&#8221; Marcos Cesar Alves Silva* Diante das \u00faltimas declara\u00e7\u00f5es do ministro do Economia a respeito das privatiza\u00e7\u00f5es, a ADCAP \u2013 Associa\u00e7\u00e3o dos Profissionais dos Correios \u2013 reafirma que n\u00e3o h\u00e1 raz\u00e3o para que a estatal seja privatizada. N\u00e3o importa se a empresa consegue sobreviver com seus pr\u00f3prios recursos mesmo atendendo [&hellip;]<\/p>\n","protected":false},"author":89,"featured_media":0,"comment_status":"open","ping_status":"closed","sticky":false,"template":"","format":"standard","meta":{"footnotes":""},"categories":[2719],"tags":[5181,20,88,2986,2523,1001],"class_list":["post-16622","post","type-post","status-publish","format-standard","hentry","category-servidor","tag-adcap","tag-correios","tag-economia","tag-empresa","tag-estatal","tag-privatizacao"],"_links":{"self":[{"href":"https:\/\/blogs.correiobraziliense.com.br\/servidor\/wp-json\/wp\/v2\/posts\/16622","targetHints":{"allow":["GET"]}}],"collection":[{"href":"https:\/\/blogs.correiobraziliense.com.br\/servidor\/wp-json\/wp\/v2\/posts"}],"about":[{"href":"https:\/\/blogs.correiobraziliense.com.br\/servidor\/wp-json\/wp\/v2\/types\/post"}],"author":[{"embeddable":true,"href":"https:\/\/blogs.correiobraziliense.com.br\/servidor\/wp-json\/wp\/v2\/users\/89"}],"replies":[{"embeddable":true,"href":"https:\/\/blogs.correiobraziliense.com.br\/servidor\/wp-json\/wp\/v2\/comments?post=16622"}],"version-history":[{"count":0,"href":"https:\/\/blogs.correiobraziliense.com.br\/servidor\/wp-json\/wp\/v2\/posts\/16622\/revisions"}],"wp:attachment":[{"href":"https:\/\/blogs.correiobraziliense.com.br\/servidor\/wp-json\/wp\/v2\/media?parent=16622"}],"wp:term":[{"taxonomy":"category","embeddable":true,"href":"https:\/\/blogs.correiobraziliense.com.br\/servidor\/wp-json\/wp\/v2\/categories?post=16622"},{"taxonomy":"post_tag","embeddable":true,"href":"https:\/\/blogs.correiobraziliense.com.br\/servidor\/wp-json\/wp\/v2\/tags?post=16622"}],"curies":[{"name":"wp","href":"https:\/\/api.w.org\/{rel}","templated":true}]}}