{"id":16594,"date":"2020-06-16T20:42:46","date_gmt":"2020-06-16T23:42:46","guid":{"rendered":"http:\/\/blogs.correiobraziliense.com.br\/servidor\/?p=16594"},"modified":"2020-06-16T20:42:46","modified_gmt":"2020-06-16T23:42:46","slug":"sinagencias-debate-o-excesso-de-burocracia-em-face-aos-novos-marcos-legais","status":"publish","type":"post","link":"https:\/\/blogs.correiobraziliense.com.br\/servidor\/sinagencias-debate-o-excesso-de-burocracia-em-face-aos-novos-marcos-legais\/","title":{"rendered":"Sinag\u00eancias debate o \u201cexcesso de burocracia em face aos novos marcos legais\u201d"},"content":{"rendered":"<p><em><strong>O encontro virtual que ocorre nesta quarta-feira (17.06), a partir das 15 horas, no ciclo de debates \u201cRegula\u00e7\u00e3o Livre\u201d com a participa\u00e7\u00e3o do diretor da Anvisa, Marcus Aur\u00e9lio Miranda<\/strong><\/em><\/p>\n<p>Marcus Aur\u00e9lio Miranda de Ara\u00fajo \u00e9 especialista em regula\u00e7\u00e3o e servidor da Anvisa desde 2005, em janeiro deste ano foi indicado pelo presidente da rep\u00fablica para compor a diretoria colegiada da Ag\u00eancia. Tamb\u00e9m exerceu chefia de Gabinete substituto do diretor presidente da Anvisa e foi gerente geral de Portos, Aeroportos e Recintos Alfandegados (GGPAF\/Anvisa). Saiba mais: <a href=\"https:\/\/bit.ly\/2N0Y8WI\">https:\/\/bit.ly\/2N0Y8WI<\/a><\/p>\n<p>A transmiss\u00e3o ocorre no canal oficial do Sinag\u00eancias no Youtube e aqui na\u00a0 fan page<\/p>\n<p><strong>Agenda<\/strong><br \/>\nO que: Excesso de burocracia em face aos novos marcos legais<br \/>\nDia: 17\/06 (quarta-feira)<br \/>\nHor\u00e1rio: 15 horas<br \/>\nLocal: Facebook: https:\/\/www.facebook.com\/sinagencias1\/ e Youtube: https:\/\/www.youtube.com\/sinagencias<\/p>\n","protected":false},"excerpt":{"rendered":"<p>O encontro virtual que ocorre nesta quarta-feira (17.06), a partir das 15 horas, no ciclo de debates \u201cRegula\u00e7\u00e3o Livre\u201d com a participa\u00e7\u00e3o do diretor da Anvisa, Marcus Aur\u00e9lio Miranda Marcus Aur\u00e9lio Miranda de Ara\u00fajo \u00e9 especialista em regula\u00e7\u00e3o e servidor da Anvisa desde 2005, em janeiro deste ano foi indicado pelo presidente da rep\u00fablica para compor a diretoria colegiada da [&hellip;]<\/p>\n","protected":false},"author":89,"featured_media":0,"comment_status":"open","ping_status":"closed","sticky":false,"template":"","format":"standard","meta":{"footnotes":""},"categories":[2719],"tags":[1850,3895,847,15357,4560,276],"class_list":["post-16594","post","type-post","status-publish","format-standard","hentry","category-servidor","tag-anvisa","tag-burocracia","tag-debate","tag-marcos-legais","tag-sinagencias","tag-virtual"],"_links":{"self":[{"href":"https:\/\/blogs.correiobraziliense.com.br\/servidor\/wp-json\/wp\/v2\/posts\/16594","targetHints":{"allow":["GET"]}}],"collection":[{"href":"https:\/\/blogs.correiobraziliense.com.br\/servidor\/wp-json\/wp\/v2\/posts"}],"about":[{"href":"https:\/\/blogs.correiobraziliense.com.br\/servidor\/wp-json\/wp\/v2\/types\/post"}],"author":[{"embeddable":true,"href":"https:\/\/blogs.correiobraziliense.com.br\/servidor\/wp-json\/wp\/v2\/users\/89"}],"replies":[{"embeddable":true,"href":"https:\/\/blogs.correiobraziliense.com.br\/servidor\/wp-json\/wp\/v2\/comments?post=16594"}],"version-history":[{"count":0,"href":"https:\/\/blogs.correiobraziliense.com.br\/servidor\/wp-json\/wp\/v2\/posts\/16594\/revisions"}],"wp:attachment":[{"href":"https:\/\/blogs.correiobraziliense.com.br\/servidor\/wp-json\/wp\/v2\/media?parent=16594"}],"wp:term":[{"taxonomy":"category","embeddable":true,"href":"https:\/\/blogs.correiobraziliense.com.br\/servidor\/wp-json\/wp\/v2\/categories?post=16594"},{"taxonomy":"post_tag","embeddable":true,"href":"https:\/\/blogs.correiobraziliense.com.br\/servidor\/wp-json\/wp\/v2\/tags?post=16594"}],"curies":[{"name":"wp","href":"https:\/\/api.w.org\/{rel}","templated":true}]}}