{"id":16582,"date":"2020-06-16T14:06:17","date_gmt":"2020-06-16T17:06:17","guid":{"rendered":"http:\/\/blogs.correiobraziliense.com.br\/servidor\/?p=16582"},"modified":"2020-06-16T14:06:17","modified_gmt":"2020-06-16T17:06:17","slug":"webinario-tcu-dia-18-06-medidas-emergenciais-de-protecao-as-empresas","status":"publish","type":"post","link":"https:\/\/blogs.correiobraziliense.com.br\/servidor\/webinario-tcu-dia-18-06-medidas-emergenciais-de-protecao-as-empresas\/","title":{"rendered":"Webin\u00e1rio TCU dia 18\/06 &#8211; Medidas Emergenciais de Prote\u00e7\u00e3o \u00e0s Empresas"},"content":{"rendered":"<p><em><strong>O objetivo do evento \u00e9 fomentar o debate sobre o impacto da crise da Covid-19 na atividade econ\u00f4mica e na renda de trabalhadores e os desafios para garantir uma renda m\u00ednima \u00e0 popula\u00e7\u00e3o mais vulner\u00e1vel em um contexto de aumento da pobreza<\/strong><\/em><\/p>\n<p><img decoding=\"async\" src=\"https:\/\/portal.tcu.gov.br\/lumis\/portal\/file\/fileDownload.jsp?fileId=8A81881E7295BAB70172AA4A99A23173&amp;inline=1\" \/><\/p>\n<p>Os webin\u00e1rios do Tribunal de Contas da Uni\u00e3o (TCU) integram o Coopera, programa especial de atua\u00e7\u00e3o do \u00f3rg\u00e3o no enfrentamento \u00e0 crise da Covid-19.\u00a0As inscri\u00e7\u00f5es s\u00e3o abertas a todos os interessados \u2013 cidad\u00e3os ou representantes de empresas p\u00fablicas ou privadas. Para inscri\u00e7\u00e3o, acesse o link\u00a0<a href=\"https:\/\/contas.tcu.gov.br\/ords\/f?p=ISCNET2_PAR:12:::NO:RP,12:P12_ID:MjAxNTQ2LDEyMQ==\">https:\/\/contas.tcu.gov.br\/ords\/f?p=ISCNET2_PAR:12:::NO:RP,12:P12_ID:MjAxNTQ2LDEyMQ==<\/a><\/p>\n<p>Servi\u00e7o:<\/p>\n<h2>Webin\u00e1rios: Impactos da pandemia na economia &#8211; equil\u00edbrio entre prote\u00e7\u00e3o social e recupera\u00e7\u00e3o econ\u00f4mica<\/h2>\n<h3>Data: 18\/06\/2020<\/h3>\n<h3>In\u00edcio: 10:00<\/h3>\n<h3>Fim: 12:00<\/h3>\n<h3>Local: Microsoft Teams transmitido pelo Youtube<\/h3>\n","protected":false},"excerpt":{"rendered":"<p>O objetivo do evento \u00e9 fomentar o debate sobre o impacto da crise da Covid-19 na atividade econ\u00f4mica e na renda de trabalhadores e os desafios para garantir uma renda m\u00ednima \u00e0 popula\u00e7\u00e3o mais vulner\u00e1vel em um contexto de aumento da pobreza Os webin\u00e1rios do Tribunal de Contas da Uni\u00e3o (TCU) integram o Coopera, programa especial de atua\u00e7\u00e3o do \u00f3rg\u00e3o [&hellip;]<\/p>\n","protected":false},"author":89,"featured_media":0,"comment_status":"open","ping_status":"closed","sticky":false,"template":"","format":"standard","meta":{"footnotes":""},"categories":[2719],"tags":[3454,17256,366,390,17713,8629,2746,358,635,17714],"class_list":["post-16582","post","type-post","status-publish","format-standard","hentry","category-servidor","tag-atividade","tag-covid-19","tag-crise","tag-empresas","tag-medidas-emergenciais","tag-pobreza","tag-protecao","tag-renda","tag-tcu","tag-webinario"],"_links":{"self":[{"href":"https:\/\/blogs.correiobraziliense.com.br\/servidor\/wp-json\/wp\/v2\/posts\/16582","targetHints":{"allow":["GET"]}}],"collection":[{"href":"https:\/\/blogs.correiobraziliense.com.br\/servidor\/wp-json\/wp\/v2\/posts"}],"about":[{"href":"https:\/\/blogs.correiobraziliense.com.br\/servidor\/wp-json\/wp\/v2\/types\/post"}],"author":[{"embeddable":true,"href":"https:\/\/blogs.correiobraziliense.com.br\/servidor\/wp-json\/wp\/v2\/users\/89"}],"replies":[{"embeddable":true,"href":"https:\/\/blogs.correiobraziliense.com.br\/servidor\/wp-json\/wp\/v2\/comments?post=16582"}],"version-history":[{"count":0,"href":"https:\/\/blogs.correiobraziliense.com.br\/servidor\/wp-json\/wp\/v2\/posts\/16582\/revisions"}],"wp:attachment":[{"href":"https:\/\/blogs.correiobraziliense.com.br\/servidor\/wp-json\/wp\/v2\/media?parent=16582"}],"wp:term":[{"taxonomy":"category","embeddable":true,"href":"https:\/\/blogs.correiobraziliense.com.br\/servidor\/wp-json\/wp\/v2\/categories?post=16582"},{"taxonomy":"post_tag","embeddable":true,"href":"https:\/\/blogs.correiobraziliense.com.br\/servidor\/wp-json\/wp\/v2\/tags?post=16582"}],"curies":[{"name":"wp","href":"https:\/\/api.w.org\/{rel}","templated":true}]}}