{"id":16574,"date":"2020-06-16T11:22:19","date_gmt":"2020-06-16T14:22:19","guid":{"rendered":"http:\/\/blogs.correiobraziliense.com.br\/servidor\/?p=16574"},"modified":"2020-06-16T11:22:19","modified_gmt":"2020-06-16T14:22:19","slug":"servidores-do-gdf-fazem-assembleia-com-participacao-online-e-presencial","status":"publish","type":"post","link":"https:\/\/blogs.correiobraziliense.com.br\/servidor\/servidores-do-gdf-fazem-assembleia-com-participacao-online-e-presencial\/","title":{"rendered":"Servidores do GDF fazem assembleia com participa\u00e7\u00e3o online e presencial"},"content":{"rendered":"<p><em><strong>Assist\u00eancia social cobra do governador Ibaneis Rocha testagem de trabalhadores, nomea\u00e7\u00e3o de concursados, pagamento de reajuste e respeito aos direitos dos benefici\u00e1rios.\u00a0\u201cA assist\u00eancia social t\u00eam trabalhado em meio a muitas dificuldades durante a pandemia. N\u00e3o recebemos todos os equipamentos de prote\u00e7\u00e3o individual (EPIs) necess\u00e1rios e a lei que determina a testagem quinzenal dos servidores tem sido descumprida\u201d, denuncia Clayton Aguiar, presidente do Sindsasc<\/strong><\/em><\/p>\n<p>O Sindicato dos Servidores da Assist\u00eancia Social e Cultural do GDF (Sindsasc) far\u00e1 na quinta-feira (18 de junho), \u00e0s 15 horas, assembleia geral mista, com participa\u00e7\u00f5es presenciais de servidores e por meio de videoconfer\u00eancia. Do lado presencial da assembleia, a entidade vai instalar tendas e cadeiras, com dist\u00e2ncia de dois metros, na Pra\u00e7a do Buriti. No local, um tel\u00e3o vai transmitir intera\u00e7\u00f5es dos servidores do grupo de risco da Covid-19 e participar\u00e3o por meio de videoconfer\u00eancia. O presidente do sindicato, Clayton Avelar, destaca como pioneiro o formato de assembleia da entidade. \u201cAcreditamos que ser\u00e1 a primeira vez na hist\u00f3ria do movimento sindical que se realiza uma assembleia com esse formato\u201d, avalia. O descaso com a categoria durante a pandemia e a nomea\u00e7\u00e3o dos aprovados em concurso p\u00fablico est\u00e3o na pauta da assembleia.<\/p>\n<p>O Sindsasc justifica a urg\u00eancia\u00a0 da assembleia porque a assist\u00eancia social foi classificada como servi\u00e7o p\u00fablico essencial durante a pandemia de Covid-19, por\u00e9m os servidores n\u00e3o t\u00eam recebido o apoio que precisam do Governo do Distrito Federal. \u201cA assist\u00eancia social t\u00eam trabalhado em meio a muitas dificuldades durante a pandemia. N\u00e3o recebemos todos os equipamentos de prote\u00e7\u00e3o individual (EPIs) necess\u00e1rios e a lei que determina a testagem quinzenal dos servidores tem sido descumprida\u201d, denuncia Clayton.<\/p>\n<p>Al\u00e9m do fornecimento de equipamentos de prote\u00e7\u00e3o, como m\u00e1scaras, luvas e \u00e1lcool em gel, os servidores da categoria pedem que a Secretaria de Desenvolvimento Social (Sedes), Secretaria da Mulher e Secretaria de Justi\u00e7a (Sejus) normatizem o revezamento entre os servidores que trabalham presencialmente durante a pandemia.<\/p>\n<p><strong>Concurso p\u00fablico<\/strong><\/p>\n<p>Para desafogar o atendimento na assist\u00eancia social, os trabalhadores da categoria reivindicam a nomea\u00e7\u00e3o dos aprovados no concurso p\u00fablico realizado em 2019, que est\u00e1 em fase final. Para o Sindsasc, a nomea\u00e7\u00e3o de todos os aprovados \u00e9 quest\u00e3o emergencial, j\u00e1 que a assist\u00eancia social opera com apenas 10% dos servidores necess\u00e1rios para atender \u00e0 demanda que cresceu com a pandemia de Covid-19. De acordo com levantamento do sindicato, 500 dos 1.000 servidores da ativa est\u00e3o trabalhando atualmente, porque parte deles est\u00e3o afastados de suas fun\u00e7\u00f5es por pertencerem ao grupo de risco da doen\u00e7a.<\/p>\n<p>Ainda sobre o certame, o presidente da entidade explica que h\u00e1 tr\u00eas cen\u00e1rios de concursandos. \u201cTemos os aprovados que aguardam a nomea\u00e7\u00e3o, os que precisam concluir o curso de forma\u00e7\u00e3o e os que est\u00e3o com o curso de forma\u00e7\u00e3o travado por decis\u00e3o judicial\u201d, detalha.<\/p>\n<p>O sindicato cobra ainda o pagamento da terceira parcela do reajuste salarial concedido por lei em 2016. \u201cSabemos que o GDF tem fundos para pagar o reajuste. O GDF n\u00e3o dialoga conosco nem se posiciona para resolver as reivindica\u00e7\u00f5es da categoria\u201d, diz o presidente da entidade.<\/p>\n","protected":false},"excerpt":{"rendered":"<p>Assist\u00eancia social cobra do governador Ibaneis Rocha testagem de trabalhadores, nomea\u00e7\u00e3o de concursados, pagamento de reajuste e respeito aos direitos dos benefici\u00e1rios.\u00a0\u201cA assist\u00eancia social t\u00eam trabalhado em meio a muitas dificuldades durante a pandemia. N\u00e3o recebemos todos os equipamentos de prote\u00e7\u00e3o individual (EPIs) necess\u00e1rios e a lei que determina a testagem quinzenal dos servidores tem sido descumprida\u201d, denuncia Clayton Aguiar, [&hellip;]<\/p>\n","protected":false},"author":89,"featured_media":0,"comment_status":"open","ping_status":"closed","sticky":false,"template":"","format":"standard","meta":{"footnotes":""},"categories":[2719],"tags":[518,2108,980,1147,93,16896,17256,5259,5092,2692,6698,307,17255,1788,2746,63,58,17707,4578,19,17266],"class_list":["post-16574","post","type-post","status-publish","format-standard","hentry","category-servidor","tag-assembleia","tag-assistencia-social","tag-beneficiarios","tag-concursados","tag-concurso","tag-coronavirus","tag-covid-19","tag-epi","tag-equipamentos","tag-gdf","tag-mista","tag-nomeacao","tag-pandemia","tag-presencial","tag-protecao","tag-reajuste","tag-servidores","tag-sidsasc","tag-teste","tag-trabalhadores","tag-videoconferencia"],"_links":{"self":[{"href":"https:\/\/blogs.correiobraziliense.com.br\/servidor\/wp-json\/wp\/v2\/posts\/16574","targetHints":{"allow":["GET"]}}],"collection":[{"href":"https:\/\/blogs.correiobraziliense.com.br\/servidor\/wp-json\/wp\/v2\/posts"}],"about":[{"href":"https:\/\/blogs.correiobraziliense.com.br\/servidor\/wp-json\/wp\/v2\/types\/post"}],"author":[{"embeddable":true,"href":"https:\/\/blogs.correiobraziliense.com.br\/servidor\/wp-json\/wp\/v2\/users\/89"}],"replies":[{"embeddable":true,"href":"https:\/\/blogs.correiobraziliense.com.br\/servidor\/wp-json\/wp\/v2\/comments?post=16574"}],"version-history":[{"count":0,"href":"https:\/\/blogs.correiobraziliense.com.br\/servidor\/wp-json\/wp\/v2\/posts\/16574\/revisions"}],"wp:attachment":[{"href":"https:\/\/blogs.correiobraziliense.com.br\/servidor\/wp-json\/wp\/v2\/media?parent=16574"}],"wp:term":[{"taxonomy":"category","embeddable":true,"href":"https:\/\/blogs.correiobraziliense.com.br\/servidor\/wp-json\/wp\/v2\/categories?post=16574"},{"taxonomy":"post_tag","embeddable":true,"href":"https:\/\/blogs.correiobraziliense.com.br\/servidor\/wp-json\/wp\/v2\/tags?post=16574"}],"curies":[{"name":"wp","href":"https:\/\/api.w.org\/{rel}","templated":true}]}}