{"id":16567,"date":"2020-06-14T17:31:47","date_gmt":"2020-06-14T20:31:47","guid":{"rendered":"http:\/\/blogs.correiobraziliense.com.br\/servidor\/?p=16567"},"modified":"2020-06-14T17:31:47","modified_gmt":"2020-06-14T20:31:47","slug":"me-registra-49-dos-servidores-em-trabalho-remoto-e-975-casos-de-coronavirus-confirmados","status":"publish","type":"post","link":"https:\/\/blogs.correiobraziliense.com.br\/servidor\/me-registra-49-dos-servidores-em-trabalho-remoto-e-975-casos-de-coronavirus-confirmados\/","title":{"rendered":"ME registra 49% dos servidores em trabalho remoto e 975 casos de coronav\u00edrus confirmados"},"content":{"rendered":"<p><em><strong>Os dados s\u00e3o da semana de 1\u00ba a 5 de junho coletados nas unidades de gest\u00e3o de pessoas dos servidores p\u00fablicos federais civis. Os 49% n\u00e3o incluem\u00a0universidades, institutos e demais institui\u00e7\u00f5es de ensino federal. Quando somados, no total, no Poder Executivo Federal Civil, o n\u00famero de profissionais em trabalho remoto \u00e9 de 357.815, o que representa 63% da for\u00e7a de trabalho<\/strong><\/em><\/p>\n<p>A\u00a0Secretaria de Gest\u00e3o e Desempenho de Pessoal (SGP) do Minist\u00e9rio da Economia atualizou as informa\u00e7\u00f5es da pesquisa sobre o trabalho remoto e casos confirmados da covid-19 no Poder Executivo Federal civil.\u00a0Dados coletados na semana de 1\u00ba a 5 de junho apontam 80.986 servidores p\u00fablicos federais civis trabalhando em casa, o que representa 49% da for\u00e7a de trabalho. Os casos confirmados da covid-19 registrados no sistema s\u00e3o 97,5, informa o minist\u00e9rio.<\/p>\n<p>Os n\u00famero n\u00e3o incluem as institui\u00e7\u00f5es que comp\u00f5em a Rede Federal de Educa\u00e7\u00e3o (REF) do Minist\u00e9rio da Educa\u00e7\u00e3o. Para os demais \u00f3rg\u00e3os da administra\u00e7\u00e3o p\u00fablica, mais da metade (55%) das unidades administrativas de gest\u00e3o de pessoas encaminharam os dados \u00e0 SGP referentes \u00e0 semana de 1\u00ba a 5 de junho. Esta parcela representa 165.439 servidores ativos, ou 60% dos servidores p\u00fablicos federais, sem contar a Rede Federal de Educa\u00e7\u00e3o.<\/p>\n<p><strong>Institui\u00e7\u00f5es Federais de Ensino<\/strong><\/p>\n<p>A Secretaria destaca que, pelas caracter\u00edsticas particulares de autonomia das institui\u00e7\u00f5es da Rede Federal de Educa\u00e7\u00e3o (universidades, institutos e demais institui\u00e7\u00f5es de ensino federal), o Minist\u00e9rio da Educa\u00e7\u00e3o divulga o retrato da situa\u00e7\u00e3o delas no Portal do MEC. Esse painel geral, atualizado pelas pr\u00f3prias universidades e institutos federais, mostra 276.829 servidores da Rede Federal de Educa\u00e7\u00e3o, ou 94% do total, em trabalho remoto.<\/p>\n<p>Em todo o Poder Executivo Federal Civil, portanto, o n\u00famero de servidores p\u00fablicos em trabalho remoto \u00e9 de 357.815, o que representa 63% da for\u00e7a de trabalho.<\/p>\n","protected":false},"excerpt":{"rendered":"<p>Os dados s\u00e3o da semana de 1\u00ba a 5 de junho coletados nas unidades de gest\u00e3o de pessoas dos servidores p\u00fablicos federais civis. Os 49% n\u00e3o incluem\u00a0universidades, institutos e demais institui\u00e7\u00f5es de ensino federal. Quando somados, no total, no Poder Executivo Federal Civil, o n\u00famero de profissionais em trabalho remoto \u00e9 de 357.815, o que representa 63% da for\u00e7a de [&hellip;]<\/p>\n","protected":false},"author":89,"featured_media":0,"comment_status":"open","ping_status":"closed","sticky":false,"template":"","format":"standard","meta":{"footnotes":""},"categories":[2719],"tags":[1191,16896,17256,1296,59,6729,14327,1413,147,7472,58,9079,961,261,6012],"class_list":["post-16567","post","type-post","status-publish","format-standard","hentry","category-servidor","tag-administracao","tag-coronavirus","tag-covid-19","tag-ensino","tag-federais","tag-institutos","tag-ministerio-da-economia","tag-poder-executivo","tag-publica","tag-remoto","tag-servidores","tag-sgp","tag-sistema","tag-trabalho","tag-universidades"],"_links":{"self":[{"href":"https:\/\/blogs.correiobraziliense.com.br\/servidor\/wp-json\/wp\/v2\/posts\/16567","targetHints":{"allow":["GET"]}}],"collection":[{"href":"https:\/\/blogs.correiobraziliense.com.br\/servidor\/wp-json\/wp\/v2\/posts"}],"about":[{"href":"https:\/\/blogs.correiobraziliense.com.br\/servidor\/wp-json\/wp\/v2\/types\/post"}],"author":[{"embeddable":true,"href":"https:\/\/blogs.correiobraziliense.com.br\/servidor\/wp-json\/wp\/v2\/users\/89"}],"replies":[{"embeddable":true,"href":"https:\/\/blogs.correiobraziliense.com.br\/servidor\/wp-json\/wp\/v2\/comments?post=16567"}],"version-history":[{"count":0,"href":"https:\/\/blogs.correiobraziliense.com.br\/servidor\/wp-json\/wp\/v2\/posts\/16567\/revisions"}],"wp:attachment":[{"href":"https:\/\/blogs.correiobraziliense.com.br\/servidor\/wp-json\/wp\/v2\/media?parent=16567"}],"wp:term":[{"taxonomy":"category","embeddable":true,"href":"https:\/\/blogs.correiobraziliense.com.br\/servidor\/wp-json\/wp\/v2\/categories?post=16567"},{"taxonomy":"post_tag","embeddable":true,"href":"https:\/\/blogs.correiobraziliense.com.br\/servidor\/wp-json\/wp\/v2\/tags?post=16567"}],"curies":[{"name":"wp","href":"https:\/\/api.w.org\/{rel}","templated":true}]}}