{"id":16562,"date":"2020-06-13T12:20:16","date_gmt":"2020-06-13T15:20:16","guid":{"rendered":"http:\/\/blogs.correiobraziliense.com.br\/servidor\/?p=16562"},"modified":"2020-06-13T12:20:16","modified_gmt":"2020-06-13T15:20:16","slug":"carlos-lessa-um-sonho-intenso","status":"publish","type":"post","link":"https:\/\/blogs.correiobraziliense.com.br\/servidor\/carlos-lessa-um-sonho-intenso\/","title":{"rendered":"Carlos Lessa &#8211; &#8220;Um sonho intenso&#8221;"},"content":{"rendered":"<p><em><strong>O Conselho Regional de Economia do Rio de Janeiro (Corecon-RJ) oferece, at\u00e9 30 de junho, o document\u00e1rio \u201cUm sonho intenso\u201d cedido por seu diretor Jos\u00e9 Mariani, no qual Carlos Lessa reflete sobre o processo de desenvolvimento do pa\u00eds, suas caracter\u00edsticas fundamentais, e as suas contradi\u00e7\u00f5es<\/strong><\/em><\/p>\n<p>A an\u00e1lise \u00e9 feita a partir de 1930, em parceria com outros economistas: Maria da Concei\u00e7\u00e3o Tavares, Celso Amorim, Francisco de Oliveira, Jo\u00e3o Manuel de Melo, Luiz Gonzaga Belluzzo, Ricardo Bielschowsky, Jos\u00e9 Murilo de Carvalho e Lena Lavinas.<\/p>\n<p>Acesso pelo Vimeo: <a href=\"https:\/\/vimeo.com\/134425729\">https:\/\/vimeo.com\/134425729<\/a> | senha: 20667AB<\/p>\n","protected":false},"excerpt":{"rendered":"<p>O Conselho Regional de Economia do Rio de Janeiro (Corecon-RJ) oferece, at\u00e9 30 de junho, o document\u00e1rio \u201cUm sonho intenso\u201d cedido por seu diretor Jos\u00e9 Mariani, no qual Carlos Lessa reflete sobre o processo de desenvolvimento do pa\u00eds, suas caracter\u00edsticas fundamentais, e as suas contradi\u00e7\u00f5es A an\u00e1lise \u00e9 feita a partir de 1930, em parceria com outros economistas: Maria da [&hellip;]<\/p>\n","protected":false},"author":89,"featured_media":0,"comment_status":"open","ping_status":"closed","sticky":false,"template":"","format":"standard","meta":{"footnotes":""},"categories":[2719],"tags":[17700,4687,17701,3355,13416,1941],"class_list":["post-16562","post","type-post","status-publish","format-standard","hentry","category-servidor","tag-carlos-lessa","tag-contradicoes","tag-corecon-rj","tag-desenvolvimento","tag-documentario","tag-economistas"],"_links":{"self":[{"href":"https:\/\/blogs.correiobraziliense.com.br\/servidor\/wp-json\/wp\/v2\/posts\/16562","targetHints":{"allow":["GET"]}}],"collection":[{"href":"https:\/\/blogs.correiobraziliense.com.br\/servidor\/wp-json\/wp\/v2\/posts"}],"about":[{"href":"https:\/\/blogs.correiobraziliense.com.br\/servidor\/wp-json\/wp\/v2\/types\/post"}],"author":[{"embeddable":true,"href":"https:\/\/blogs.correiobraziliense.com.br\/servidor\/wp-json\/wp\/v2\/users\/89"}],"replies":[{"embeddable":true,"href":"https:\/\/blogs.correiobraziliense.com.br\/servidor\/wp-json\/wp\/v2\/comments?post=16562"}],"version-history":[{"count":0,"href":"https:\/\/blogs.correiobraziliense.com.br\/servidor\/wp-json\/wp\/v2\/posts\/16562\/revisions"}],"wp:attachment":[{"href":"https:\/\/blogs.correiobraziliense.com.br\/servidor\/wp-json\/wp\/v2\/media?parent=16562"}],"wp:term":[{"taxonomy":"category","embeddable":true,"href":"https:\/\/blogs.correiobraziliense.com.br\/servidor\/wp-json\/wp\/v2\/categories?post=16562"},{"taxonomy":"post_tag","embeddable":true,"href":"https:\/\/blogs.correiobraziliense.com.br\/servidor\/wp-json\/wp\/v2\/tags?post=16562"}],"curies":[{"name":"wp","href":"https:\/\/api.w.org\/{rel}","templated":true}]}}