{"id":16558,"date":"2020-06-12T17:15:47","date_gmt":"2020-06-12T20:15:47","guid":{"rendered":"http:\/\/blogs.correiobraziliense.com.br\/servidor\/?p=16558"},"modified":"2020-06-12T17:15:47","modified_gmt":"2020-06-12T20:15:47","slug":"escola-virtual-da-enap-abre-dois-novos-cursos-internacionais-de-economia","status":"publish","type":"post","link":"https:\/\/blogs.correiobraziliense.com.br\/servidor\/escola-virtual-da-enap-abre-dois-novos-cursos-internacionais-de-economia\/","title":{"rendered":"Escola Virtual da Enap abre dois novos cursos internacionais de Economia"},"content":{"rendered":"<p><em><strong>O n\u00famero de inscrito em 2020 j\u00e1 supera o 2019. Ente os temas, est\u00e3o:\u00a0O que \u00e9 PIB? Como os pre\u00e7os s\u00e3o determinados? O objetivo \u00e9 esclarecer estes e outros assuntos\u00a0econ\u00f4micos t\u00e3o comentados neste momento<\/strong><\/em><\/p>\n<p>A pandemia do novo coronav\u00edrus trouxe mudan\u00e7as profundas no cen\u00e1rio\u00a0econ\u00f4mico mundial. Todos os dias n\u00f3s somos afetados diretamente pelo\u00a0impactos causados por ela e bombardeados de not\u00edcias sobre desemprego,<br \/>\ninfla\u00e7\u00e3o, pol\u00edtica monet\u00e1ria, crescimento econ\u00f4mico, entre outros assuntos,\u00a0muitas das vezes, de dif\u00edcil compreens\u00e3o.<\/p>\n<p>Por isso, com o objetivo de compreender o meio em que vivemos e a\u00a0import\u00e2ncia do conhecimento sobre os princ\u00edpios de economia, a Escola\u00a0Nacional de Administra\u00e7\u00e3o P\u00fablica (Enap), por meio da Escola Virtual de Governo<br \/>\n(EV.G), acaba de divulgar a vers\u00e3o em portugu\u00eas de dois cursos da Marginal\u00a0Revolution University (MRU):\u00a0 Princ\u00edpios de Economia &#8211; Microeconomia e\u00a0Princ\u00edpios de Economia &#8211; Macroeconomia, ministrados pelos professores Tyler\u00a0Cowen e Alex Tabarrok, ambos da George Mason University.<\/p>\n<p>&#8220;Neste contexto de mudan\u00e7as econ\u00f4micas profundas, os cursos com a vis\u00e3o nos\u00a0princ\u00edpios econ\u00f4micos ajudar\u00e3o as pessoas a entender um pouco melhor do que\u00a0est\u00e1 ocorrendo&#8221;, apontou Carlos Eduardo dos Santos, Coordenador-Geral de\u00a0Educa\u00e7\u00e3o a Dist\u00e2ncia da Enap. Para ele, a articula\u00e7\u00e3o institucional e a\u00a0coopera\u00e7\u00e3o internacional s\u00e3o estrat\u00e9gias da Escola que visam a promo\u00e7\u00e3o de\u00a0conte\u00fados de qualidade e com o desenvolvimento de compet\u00eancias dos\u00a0servidores e cidad\u00e3os em geral.<\/p>\n<p>&#8220;No curso Princ\u00edpios de Economia &#8211; Microeconomia voc\u00ea estar\u00e1 exposto \u00e0\u00a0maneira econ\u00f4mica de pensar. Voc\u00ea entender\u00e1 como usar a economia em sua\u00a0vida e, finalmente, ver\u00e1 o mundo de maneira diferente. Ser\u00e3o abordados<br \/>\nconceitos fundamentais de microeconomia, como oferta, demanda e equil\u00edbrio,\u00a0impostos, mercado de trabalho, concorr\u00eancia, monop\u00f3lio, bens p\u00fablicos e muito\u00a0mais&#8221;, informa a Enap.<\/p>\n<p>&#8220;Tamb\u00e9m responderemos a perguntas como: Como os pre\u00e7os s\u00e3o determinados?\u00a0O que Adam Smith quis dizer quando citou sobre a &#8220;m\u00e3o invis\u00edvel&#8221; do mercado?\u00a0Como \u00e9 que temos acesso a rosas frescas em cidades muito frias todos os dias\u00a0dos namorados?&#8221;, explica.<\/p>\n<p>J\u00e1 no curso Princ\u00edpios de Economia &#8211; Macroeconomia, seguindo os princ\u00edpios do\u00a0curso de Microeconomia, voc\u00ea continuar\u00e1 a explorar o modo de pensar\u00a0econ\u00f4mico e o papel que os incentivos desempenham em todas as nossas vidas.<\/p>\n<p>&#8220;Abordaremos quest\u00f5es macroecon\u00f4micas fundamentais, como: O que \u00e9 produto interno bruto (PIB)? Por que alguns pa\u00edses enriquecem enquanto outros\u00a0permanecem pobres? Qual a import\u00e2ncia do sistema banc\u00e1rio de um pa\u00eds &#8211; e o\u00a0que aconteceu durante a recente crise financeira? Como o Zimb\u00e1bue terminou\u00a0com uma taxa de infla\u00e7\u00e3o que subiu para os quatrilh\u00f5es?&#8221;, assinala a Escola.<\/p>\n<p>Na p\u00e1gina de inscri\u00e7\u00e3o de cada curso, o aluno tem acesso \u00e0s informa\u00e7\u00f5es sobre\u00a0sobre p\u00fablico-alvo, carga hor\u00e1ria, disponibilidade e conte\u00fado program\u00e1tico. Os\u00a0cursos podem ser por smartphones e tablets, pois a plataforma \u00e9<br \/>\nresponsiva e permite a adapta\u00e7\u00e3o do conte\u00fado a diferentes formatos e\u00a0tamanhos de telas.<\/p>\n<p>Todas as capacita\u00e7\u00f5es oferecidas s\u00e3o autoinstrucionais e por isso, n\u00e3o contam\u00a0com a presen\u00e7a de tutores para tirar d\u00favidas de conte\u00fado nem possibilitam a\u00a0intera\u00e7\u00e3o com outros participantes. Os m\u00f3dulos trazem v\u00eddeos, material de apoio\u00a0e exerc\u00edcios de avalia\u00e7\u00e3o.<\/p>\n<p><strong>Professores<\/strong><br \/>\nTyler Cowen \u00e9 professor de economia na Universidade George Mason e tamb\u00e9m\u00a0diretor do Mercatus Center. Tem PhD em economia pela Universidade de Harvard\u00a0e \u00e9 coautor, com Alex Tabarrok, do livro Modern Principles of Economics e do\u00a0blog Marginal Revolution, e tamb\u00e9m co-fundador da Marginal Revolution\u00a0University. Atualmente ele coordena o podcast Conversations with Tyler e\u00a0escreve a coluna &#8220;Economic Scene&#8221; (Cen\u00e1rio Econ\u00f4mico) para o jornal New York\u00a0Times. Escreve tamb\u00e9m para as revistas The New Republic e The Wilson Quarterly.\u00a0Cowen foi nomeado pela revista The Economist como um dos mais influentes\u00a0economistas da \u00faltima d\u00e9cada.<\/p>\n<p>Alex Tabarrok \u00e9 professor de Economia na George Mason University e presidente do Mercatus Center. Junto com Tyler Cowen, ele \u00e9 co-autor do livro\u00a0Modern Principles of Economics e do blog Marginal Revolution, e tamb\u00e9m co-<br \/>\nfundador da Marginal Revolution University. Tabarrok \u00e9 autor de in\u00fameros\u00a0trabalhos acad\u00eamicos nas \u00e1reas de direito e economia, criminologia, pol\u00edtica\u00a0regulat\u00f3ria, teoria do voto e outras assuntos na \u00e1rea de economia e pol\u00edtica. Ele\u00a0tamb\u00e9m escreve artigos para o New York Times, Washington Post, Wall Street\u00a0Journal e em muitas outras publica\u00e7\u00f5es de prest\u00edgio.<\/p>\n","protected":false},"excerpt":{"rendered":"<p>O n\u00famero de inscrito em 2020 j\u00e1 supera o 2019. Ente os temas, est\u00e3o:\u00a0O que \u00e9 PIB? Como os pre\u00e7os s\u00e3o determinados? O objetivo \u00e9 esclarecer estes e outros assuntos\u00a0econ\u00f4micos t\u00e3o comentados neste momento A pandemia do novo coronav\u00edrus trouxe mudan\u00e7as profundas no cen\u00e1rio\u00a0econ\u00f4mico mundial. Todos os dias n\u00f3s somos afetados diretamente pelo\u00a0impactos causados por ela e bombardeados de not\u00edcias [&hellip;]<\/p>\n","protected":false},"author":89,"featured_media":0,"comment_status":"open","ping_status":"closed","sticky":false,"template":"","format":"standard","meta":{"footnotes":""},"categories":[2719],"tags":[16896,795,1450,2293,88,308,17697,240,1232,376,17255,1804,10008,3911],"class_list":["post-16558","post","type-post","status-publish","format-standard","hentry","category-servidor","tag-coronavirus","tag-crescimento","tag-cursos","tag-desemprego","tag-economia","tag-enap","tag-escola-virtual","tag-inflacao","tag-internacionais","tag-mudancas","tag-pandemia","tag-pib","tag-politica-monetaria","tag-precos"],"_links":{"self":[{"href":"https:\/\/blogs.correiobraziliense.com.br\/servidor\/wp-json\/wp\/v2\/posts\/16558","targetHints":{"allow":["GET"]}}],"collection":[{"href":"https:\/\/blogs.correiobraziliense.com.br\/servidor\/wp-json\/wp\/v2\/posts"}],"about":[{"href":"https:\/\/blogs.correiobraziliense.com.br\/servidor\/wp-json\/wp\/v2\/types\/post"}],"author":[{"embeddable":true,"href":"https:\/\/blogs.correiobraziliense.com.br\/servidor\/wp-json\/wp\/v2\/users\/89"}],"replies":[{"embeddable":true,"href":"https:\/\/blogs.correiobraziliense.com.br\/servidor\/wp-json\/wp\/v2\/comments?post=16558"}],"version-history":[{"count":0,"href":"https:\/\/blogs.correiobraziliense.com.br\/servidor\/wp-json\/wp\/v2\/posts\/16558\/revisions"}],"wp:attachment":[{"href":"https:\/\/blogs.correiobraziliense.com.br\/servidor\/wp-json\/wp\/v2\/media?parent=16558"}],"wp:term":[{"taxonomy":"category","embeddable":true,"href":"https:\/\/blogs.correiobraziliense.com.br\/servidor\/wp-json\/wp\/v2\/categories?post=16558"},{"taxonomy":"post_tag","embeddable":true,"href":"https:\/\/blogs.correiobraziliense.com.br\/servidor\/wp-json\/wp\/v2\/tags?post=16558"}],"curies":[{"name":"wp","href":"https:\/\/api.w.org\/{rel}","templated":true}]}}