{"id":16529,"date":"2020-06-10T15:03:41","date_gmt":"2020-06-10T18:03:41","guid":{"rendered":"http:\/\/blogs.correiobraziliense.com.br\/servidor\/?p=16529"},"modified":"2020-06-10T15:03:41","modified_gmt":"2020-06-10T18:03:41","slug":"eu-quero-votar-para-reitor-a-contra-a-intervencao-na-unb","status":"publish","type":"post","link":"https:\/\/blogs.correiobraziliense.com.br\/servidor\/eu-quero-votar-para-reitor-a-contra-a-intervencao-na-unb\/","title":{"rendered":"Eu quero votar para reitor (a)! Contra a interven\u00e7\u00e3o na UnB!"},"content":{"rendered":"<p><em><strong>Por meio de nota, o Centro Acad\u00eamico de Direito da Universidade de Bras\u00edlia (UnB) diz que a MP 979\/20 extingue elei\u00e7\u00f5es para a reitoria na pandemia e colocar\u00e1 interventores na institui\u00e7\u00e3o e em outras 16 universidades<\/strong><\/em><\/p>\n<p>Veja a nota:<\/p>\n<p>&#8220;Em mais um ato de desrespeito \u00e0 autonomia universit\u00e1ria e de explicito autoritarismo, o governo Bolsonaro publicou uma Medida Provis\u00f3ria na madrugada do dia 10 de junho que trata das elei\u00e7\u00f5es para reitores nas universidades p\u00fablicas e institutos federais durante a pandemia do Covid-19. Essa Medida Provis\u00f3ria foi publicada menos de duas semanas ap\u00f3s a perda da efic\u00e1cia da MP 914\/2019 , tentativa anterior do governo federal de interferir no processo de escolha das reitorias.<\/p>\n<p>A MP 979\/20 pro\u00edbe a realiza\u00e7\u00e3o de consulta nas comunidades acad\u00eamicas para escolha de Reitor(a) e a forma\u00e7\u00e3o de lista tr\u00edplice pelos Conselhos Superiores, determinando que a nomea\u00e7\u00e3o de Reitores \u201cpro tempore\u201d ser\u00e1 feita pelo atual Ministro da Educa\u00e7\u00e3o, Abraham Weintraub. Essa MP \u00e9 um grave ataque a autonomia universit\u00e1ria, expressa no artigo 207 da Constitui\u00e7\u00e3o Federal, al\u00e9m de uma tentativa de controle pol\u00edtico sobre as universidades p\u00fablicas, que tem sido trincheiras determinantes na luta contra esse governo e que s\u00e3o historicamente polos cr\u00edticos a governos autorit\u00e1rios.<\/p>\n<p>Na pr\u00e1tica, essa medida representa a imposi\u00e7\u00e3o de interventores na gest\u00e3o das universidades p\u00fablicas, o que demonstra o resqu\u00edcio do entulho autorit\u00e1rio da Ditadura Militar no governo federal e em seu projeto de educa\u00e7\u00e3o. A Universidade de Bras\u00edlia ser\u00e1 afetada por essa Medida Provis\u00f3ria, j\u00e1 que esse ano termina o mandato da atual gest\u00e3o da Reitoria. A Universidade de Honestino Guimar\u00e3es e a Faculdade de Direito de Ieda Santos Delgado n\u00e3o permitir\u00e3o que sujem a nossa UnB com mais uma interven\u00e7\u00e3o, o que aconteceu na Ditadura Militar.<\/p>\n<p>O Centro Acad\u00eamico de Direito da UnB (CADir-UnB) participar\u00e1 da elabora\u00e7\u00e3o de medidas judiciais para derrubar essa MP repleta de inconstitucionalidades e das mobiliza\u00e7\u00f5es pol\u00edticas contra esse ataque. Em mem\u00f3ria dos nossos, n\u00e3o podemos aceitar a interven\u00e7\u00e3o da extrema-direita na gest\u00e3o da UnB! N\u00f3s queremos votar para reitor(a)! Viva a Universidade de Darcy Ribeiro, n\u00e3o deixaremos o autoritarismo triunfar em nossas universidades! N\u00e3o passar\u00e3o!<\/p>\n<p>Centro Acad\u00eamico de Direito da UnB<br \/>\nGest\u00e3o Contracorrente \ud83c\udf0a<\/p>\n<p>https:\/\/m.facebook.com\/story.php?story_fbid=2672739342984246&amp;id=1715297528728437&#8221;<\/p>\n","protected":false},"excerpt":{"rendered":"<p>Por meio de nota, o Centro Acad\u00eamico de Direito da Universidade de Bras\u00edlia (UnB) diz que a MP 979\/20 extingue elei\u00e7\u00f5es para a reitoria na pandemia e colocar\u00e1 interventores na institui\u00e7\u00e3o e em outras 16 universidades Veja a nota: &#8220;Em mais um ato de desrespeito \u00e0 autonomia universit\u00e1ria e de explicito autoritarismo, o governo Bolsonaro publicou uma Medida Provis\u00f3ria na [&hellip;]<\/p>\n","protected":false},"author":89,"featured_media":0,"comment_status":"open","ping_status":"closed","sticky":false,"template":"","format":"standard","meta":{"footnotes":""},"categories":[2719],"tags":[1308,17672,17256,10179,5298,5957,17673,17674,17255,17675,420,6012],"class_list":["post-16529","post","type-post","status-publish","format-standard","hentry","category-servidor","tag-autonomia","tag-autoritarismo","tag-covid-19","tag-ditadura-militar","tag-intervencao","tag-ministerio-da-educacao","tag-mp-914-2019","tag-mp-979-2020","tag-pandemia","tag-reitor","tag-unb","tag-universidades"],"_links":{"self":[{"href":"https:\/\/blogs.correiobraziliense.com.br\/servidor\/wp-json\/wp\/v2\/posts\/16529","targetHints":{"allow":["GET"]}}],"collection":[{"href":"https:\/\/blogs.correiobraziliense.com.br\/servidor\/wp-json\/wp\/v2\/posts"}],"about":[{"href":"https:\/\/blogs.correiobraziliense.com.br\/servidor\/wp-json\/wp\/v2\/types\/post"}],"author":[{"embeddable":true,"href":"https:\/\/blogs.correiobraziliense.com.br\/servidor\/wp-json\/wp\/v2\/users\/89"}],"replies":[{"embeddable":true,"href":"https:\/\/blogs.correiobraziliense.com.br\/servidor\/wp-json\/wp\/v2\/comments?post=16529"}],"version-history":[{"count":0,"href":"https:\/\/blogs.correiobraziliense.com.br\/servidor\/wp-json\/wp\/v2\/posts\/16529\/revisions"}],"wp:attachment":[{"href":"https:\/\/blogs.correiobraziliense.com.br\/servidor\/wp-json\/wp\/v2\/media?parent=16529"}],"wp:term":[{"taxonomy":"category","embeddable":true,"href":"https:\/\/blogs.correiobraziliense.com.br\/servidor\/wp-json\/wp\/v2\/categories?post=16529"},{"taxonomy":"post_tag","embeddable":true,"href":"https:\/\/blogs.correiobraziliense.com.br\/servidor\/wp-json\/wp\/v2\/tags?post=16529"}],"curies":[{"name":"wp","href":"https:\/\/api.w.org\/{rel}","templated":true}]}}