{"id":16514,"date":"2020-06-09T18:46:13","date_gmt":"2020-06-09T21:46:13","guid":{"rendered":"http:\/\/blogs.correiobraziliense.com.br\/servidor\/?p=16514"},"modified":"2020-06-09T18:46:13","modified_gmt":"2020-06-09T21:46:13","slug":"cesa-ce-discute-a-advocacia-pos-covid-19-com-especialistas-do-brasil-eua-franca-e-italia","status":"publish","type":"post","link":"https:\/\/blogs.correiobraziliense.com.br\/servidor\/cesa-ce-discute-a-advocacia-pos-covid-19-com-especialistas-do-brasil-eua-franca-e-italia\/","title":{"rendered":"Cesa\/CE discute a advocacia p\u00f3s-Covid-19 com especialistas do Brasil, EUA, Fran\u00e7a e It\u00e1lia"},"content":{"rendered":"<p><em><strong>Nesta sexta-feira (12\/06), \u00e0s 11h, os advogados Tiago Asfor Rocha Lima, s\u00f3cio de Rocha, Marinho e Sales Advogados, e Alexandre Goiana ser\u00e3o moderadores na webinar \u201cAdvocacia p\u00f3s-Covid-19: Brasil, EUA, Fran\u00e7a e It\u00e1lia\u201d, da seccional do Cear\u00e1 do Centro de Estudos das Sociedades de Advogados (Cesa\/CE)<\/strong><\/em><\/p>\n<p><img loading=\"lazy\" decoding=\"async\" class=\"alignright size-large wp-image-16518\" src=\"https:\/\/blogs.correiobraziliense.com.br\/servidor\/wp-content\/uploads\/sites\/10\/2020\/06\/webinar-advogados-1024x1024.jpg\" alt=\"\" width=\"1024\" height=\"1024\" \/><\/p>\n<p>O evento ter\u00e1 a participa\u00e7\u00e3o dos advogados Harry Burnett (King and Spalding -EUA); Marie-Aim\u00e9e Peyron (Squire Patton Boggs \u2013 Fran\u00e7a); Riccardo de Simone (De Simone &amp; Partners \u2013 It\u00e1lia) e Marcus Vinicius Furtado Co\u00ealho (ex-presidente da OAB Federal).<\/p>\n<p>Para participar da webinar, inscreva-se antecipadamente no link:<br \/>\n<a href=\"https:\/\/us02web.zoom.us\/webinar\/register\/WN_lz9HWvcDQ5uVccAIhZQvcw\">https:\/\/us02web.zoom.us\/webinar\/register\/WN_lz9HWvcDQ5uVccAIhZQvcw<\/a><\/p>\n<p>Os inscritos no link receber\u00e3o um aviso de confirma\u00e7\u00e3o, no e-mail cadastrado, para acessar o webinar.<\/p>\n","protected":false},"excerpt":{"rendered":"<p>Nesta sexta-feira (12\/06), \u00e0s 11h, os advogados Tiago Asfor Rocha Lima, s\u00f3cio de Rocha, Marinho e Sales Advogados, e Alexandre Goiana ser\u00e3o moderadores na webinar \u201cAdvocacia p\u00f3s-Covid-19: Brasil, EUA, Fran\u00e7a e It\u00e1lia\u201d, da seccional do Cear\u00e1 do Centro de Estudos das Sociedades de Advogados (Cesa\/CE) O evento ter\u00e1 a participa\u00e7\u00e3o dos advogados Harry Burnett (King and Spalding -EUA); Marie-Aim\u00e9e Peyron [&hellip;]<\/p>\n","protected":false},"author":89,"featured_media":0,"comment_status":"open","ping_status":"closed","sticky":false,"template":"","format":"standard","meta":{"footnotes":""},"categories":[2719],"tags":[465,164,17669,17256,382,4038,17670,11391,13547],"class_list":["post-16514","post","type-post","status-publish","format-standard","hentry","category-servidor","tag-advocacia","tag-brasil","tag-cesa-ce","tag-covid-19","tag-especialistas","tag-eua","tag-frenca","tag-italia","tag-webinar"],"_links":{"self":[{"href":"https:\/\/blogs.correiobraziliense.com.br\/servidor\/wp-json\/wp\/v2\/posts\/16514","targetHints":{"allow":["GET"]}}],"collection":[{"href":"https:\/\/blogs.correiobraziliense.com.br\/servidor\/wp-json\/wp\/v2\/posts"}],"about":[{"href":"https:\/\/blogs.correiobraziliense.com.br\/servidor\/wp-json\/wp\/v2\/types\/post"}],"author":[{"embeddable":true,"href":"https:\/\/blogs.correiobraziliense.com.br\/servidor\/wp-json\/wp\/v2\/users\/89"}],"replies":[{"embeddable":true,"href":"https:\/\/blogs.correiobraziliense.com.br\/servidor\/wp-json\/wp\/v2\/comments?post=16514"}],"version-history":[{"count":0,"href":"https:\/\/blogs.correiobraziliense.com.br\/servidor\/wp-json\/wp\/v2\/posts\/16514\/revisions"}],"wp:attachment":[{"href":"https:\/\/blogs.correiobraziliense.com.br\/servidor\/wp-json\/wp\/v2\/media?parent=16514"}],"wp:term":[{"taxonomy":"category","embeddable":true,"href":"https:\/\/blogs.correiobraziliense.com.br\/servidor\/wp-json\/wp\/v2\/categories?post=16514"},{"taxonomy":"post_tag","embeddable":true,"href":"https:\/\/blogs.correiobraziliense.com.br\/servidor\/wp-json\/wp\/v2\/tags?post=16514"}],"curies":[{"name":"wp","href":"https:\/\/api.w.org\/{rel}","templated":true}]}}