{"id":16505,"date":"2020-06-08T19:54:26","date_gmt":"2020-06-08T22:54:26","guid":{"rendered":"http:\/\/blogs.correiobraziliense.com.br\/servidor\/?p=16505"},"modified":"2020-06-08T19:54:26","modified_gmt":"2020-06-08T22:54:26","slug":"willian-fernandes-reeleito-ouvidor-geral-da-defensoria-publica-de-sp","status":"publish","type":"post","link":"https:\/\/blogs.correiobraziliense.com.br\/servidor\/willian-fernandes-reeleito-ouvidor-geral-da-defensoria-publica-de-sp\/","title":{"rendered":"Willian Fernandes reeleito ouvidor-geral da Defensoria P\u00fablica de SP"},"content":{"rendered":"<p><em><strong>O advogado e professor universit\u00e1rio Willian Fernandes tomou posse como ouvidor-geral da Defensoria P\u00fablica de S\u00e3o Paulo. Ele foi reconduzido para mandato de dois anos (2020\/2022) com in\u00edcio nesta segunda-feira, 8. A ouvidoria \u00e9 uma ponte entre a sociedade e o \u00f3rg\u00e3o respons\u00e1vel pela defesa jur\u00eddica dos desfavorecidos. A Ouvidoria-Geral da Defensoria \u00e9 um instrumento de participa\u00e7\u00e3o social<\/strong><\/em><\/p>\n<p><img loading=\"lazy\" decoding=\"async\" class=\"alignright size-full wp-image-16506\" src=\"https:\/\/blogs.correiobraziliense.com.br\/servidor\/wp-content\/uploads\/sites\/10\/2020\/06\/Willian-Fernandes.jpg\" alt=\"\" width=\"455\" height=\"456\" srcset=\"https:\/\/blogs.correiobraziliense.com.br\/servidor\/wp-content\/uploads\/sites\/10\/2020\/06\/Willian-Fernandes.jpg 455w, https:\/\/blogs.correiobraziliense.com.br\/servidor\/wp-content\/uploads\/sites\/10\/2020\/06\/Willian-Fernandes-150x150.jpg 150w, https:\/\/blogs.correiobraziliense.com.br\/servidor\/wp-content\/uploads\/sites\/10\/2020\/06\/Willian-Fernandes-300x300.jpg 300w, https:\/\/blogs.correiobraziliense.com.br\/servidor\/wp-content\/uploads\/sites\/10\/2020\/06\/Willian-Fernandes-230x231.jpg 230w\" sizes=\"auto, (max-width: 455px) 100vw, 455px\" \/><\/p>\n<p>Na gest\u00e3o anterior (2018\/2019), Willian Fernandes fez diversos encontros na capital e no interior do Estado de S\u00e3o Paulo para reconectar a defensoria \u00e0 sociedade civil, discutindo temas e desafios para o aperfei\u00e7oamento do atendimento da popula\u00e7\u00e3o pelo \u00f3rg\u00e3o. Estes projetos ficaram conhecidos como \u201cOuvidoria na \u00c1rea\u201d e \u201cOuvidoria Volante\u201d.<\/p>\n<p>No novo mandato o Ouvidor-Geral Willian Fernandes quer consolidar esta reconex\u00e3o e abrir uma frente mais voltada para os usu\u00e1rios dos servi\u00e7os. \u201cO uso inteligente das manifesta\u00e7\u00f5es gestadas pela Ouvidoria para planejamento institucional, a revis\u00e3o de fluxos internos, a implementa\u00e7\u00e3o de pesquisas de satisfa\u00e7\u00e3o dos usu\u00e1rios e das usu\u00e1rias s\u00e3o alguns dos intuitos deste mandato, al\u00e9m de consolidar as a\u00e7\u00f5es de reconex\u00e3o com a sociedade civil organizada\u201d, afirma Willian Fernandes.<\/p>\n<p>Willian Fernandes foi o primeiro ouvidor externo das Defensorias P\u00fablicas do Brasil, quando implementou o \u00f3rg\u00e3o em S\u00e3o Paulo, por ocasi\u00e3o de suas duas elei\u00e7\u00f5es (2006 e 2008).<\/p>\n<p>Por sua experi\u00eancia em S\u00e3o Paulo, foi ativo no fomento do modelo de ouvidorias externas como \u00f3rg\u00e3o de controle social nas Defensorias P\u00fablicas do Brasil. Para tanto, idealizou e articulou a cria\u00e7\u00e3o de um foro nacional para o tema, fundando o Col\u00e9gio Nacional de Ouvidorias de Defensorias P\u00fablicas, hoje Conselho Nacional, do qual foi seu primeiro presidente (2008\/2010) e participou de diversos Congressos Nacionais de Defensores P\u00fablicos.<\/p>\n<p>Militou tamb\u00e9m em diversas organiza\u00e7\u00f5es de defesa dos direitos humanos, atualmente \u00e9 vice-presidente da Comiss\u00e3o Justi\u00e7a e Paz de S\u00e3o Paulo, e foi advogado de Centro Santo Dias de Direitos Humanos atuando no combate a viol\u00eancia policial e tortura.<\/p>\n","protected":false},"excerpt":{"rendered":"<p>O advogado e professor universit\u00e1rio Willian Fernandes tomou posse como ouvidor-geral da Defensoria P\u00fablica de S\u00e3o Paulo. Ele foi reconduzido para mandato de dois anos (2020\/2022) com in\u00edcio nesta segunda-feira, 8. A ouvidoria \u00e9 uma ponte entre a sociedade e o \u00f3rg\u00e3o respons\u00e1vel pela defesa jur\u00eddica dos desfavorecidos. A Ouvidoria-Geral da Defensoria \u00e9 um instrumento de participa\u00e7\u00e3o social Na gest\u00e3o [&hellip;]<\/p>\n","protected":false},"author":89,"featured_media":0,"comment_status":"open","ping_status":"closed","sticky":false,"template":"","format":"standard","meta":{"footnotes":""},"categories":[2719],"tags":[4291,551,2876,1201,17658,2890,5026,17659,545,1673,351,17660],"class_list":["post-16505","post","type-post","status-publish","format-standard","hentry","category-servidor","tag-advogado","tag-atendimento","tag-defensoria-publica","tag-defesa","tag-desfavorecidos","tag-juridica","tag-mandato","tag-ouvidor-geral","tag-populacao","tag-sao-paulo","tag-sociedade","tag-william-fernandes"],"_links":{"self":[{"href":"https:\/\/blogs.correiobraziliense.com.br\/servidor\/wp-json\/wp\/v2\/posts\/16505","targetHints":{"allow":["GET"]}}],"collection":[{"href":"https:\/\/blogs.correiobraziliense.com.br\/servidor\/wp-json\/wp\/v2\/posts"}],"about":[{"href":"https:\/\/blogs.correiobraziliense.com.br\/servidor\/wp-json\/wp\/v2\/types\/post"}],"author":[{"embeddable":true,"href":"https:\/\/blogs.correiobraziliense.com.br\/servidor\/wp-json\/wp\/v2\/users\/89"}],"replies":[{"embeddable":true,"href":"https:\/\/blogs.correiobraziliense.com.br\/servidor\/wp-json\/wp\/v2\/comments?post=16505"}],"version-history":[{"count":0,"href":"https:\/\/blogs.correiobraziliense.com.br\/servidor\/wp-json\/wp\/v2\/posts\/16505\/revisions"}],"wp:attachment":[{"href":"https:\/\/blogs.correiobraziliense.com.br\/servidor\/wp-json\/wp\/v2\/media?parent=16505"}],"wp:term":[{"taxonomy":"category","embeddable":true,"href":"https:\/\/blogs.correiobraziliense.com.br\/servidor\/wp-json\/wp\/v2\/categories?post=16505"},{"taxonomy":"post_tag","embeddable":true,"href":"https:\/\/blogs.correiobraziliense.com.br\/servidor\/wp-json\/wp\/v2\/tags?post=16505"}],"curies":[{"name":"wp","href":"https:\/\/api.w.org\/{rel}","templated":true}]}}