{"id":16500,"date":"2020-06-08T15:46:36","date_gmt":"2020-06-08T18:46:36","guid":{"rendered":"http:\/\/blogs.correiobraziliense.com.br\/servidor\/?p=16500"},"modified":"2020-06-08T15:46:36","modified_gmt":"2020-06-08T18:46:36","slug":"tcu-aprecia-as-contas-do-presidente-da-republica-nesta-quarta-feira-10-de-junho","status":"publish","type":"post","link":"https:\/\/blogs.correiobraziliense.com.br\/servidor\/tcu-aprecia-as-contas-do-presidente-da-republica-nesta-quarta-feira-10-de-junho\/","title":{"rendered":"TCU aprecia as contas do presidente da Rep\u00fablica nesta quarta-feira, 10 de junho"},"content":{"rendered":"<p><em><strong>O Tribunal de Contas da Uni\u00e3o (TCU) vai apreciar, \u00e0s 10 horas do pr\u00f3ximo dia 10 de junho, as contas do presidente da Rep\u00fablica, Jair Bolsonaro, relativas ao exerc\u00edcio financeiro de 2019. A aprecia\u00e7\u00e3o ser\u00e1 feita em sess\u00e3o extraordin\u00e1ria telepresencial, conforme comunicado pelo presidente do Tribunal, Jos\u00e9 Mucio Monteiro, na sess\u00e3o plen\u00e1ria do TCU no dia 4 de mar\u00e7o. O relator \u00e9 o ministro Bruno Dantas<\/strong><\/em><\/p>\n<p>A corte de Contas destaque que, segundo o artigo 71, inciso I, da Constitui\u00e7\u00e3o Federal, compete ao TCU apreciar, mediante parecer pr\u00e9vio, as contas prestadas anualmente pelo presidente da Rep\u00fablica. Esse parecer deve ser elaborado em 60 dias a contar do recebimento das referidas contas. As contas consistem dos Balan\u00e7os Gerais da Uni\u00e3o e do relat\u00f3rio sobre a execu\u00e7\u00e3o or\u00e7ament\u00e1ria, preparado pelo \u00f3rg\u00e3o central do sistema de controle interno do Poder Executivo.<\/p>\n<p>Ao Tribunal cabe, essencialmente, a an\u00e1lise t\u00e9cnico-jur\u00eddica das contas e a apresenta\u00e7\u00e3o do resultado ao Poder Legislativo. Dessa forma, ap\u00f3s a aprecia\u00e7\u00e3o e emiss\u00e3o do parecer pr\u00e9vio, as contas s\u00e3o encaminhadas ao Congresso ao qual compete o julgamento, conforme disposto no artigo 49, inciso IX, da Constitui\u00e7\u00e3o da Rep\u00fablica.<\/p>\n<p>A sess\u00e3o extraordin\u00e1ria de aprecia\u00e7\u00e3o das contas de governo ser\u00e1 transmitida ao vivo pelo canal oficial do TCU no Youtube. Acesse https:\/\/youtu.be\/cGH23bDzuuI.<\/p>\n","protected":false},"excerpt":{"rendered":"<p>O Tribunal de Contas da Uni\u00e3o (TCU) vai apreciar, \u00e0s 10 horas do pr\u00f3ximo dia 10 de junho, as contas do presidente da Rep\u00fablica, Jair Bolsonaro, relativas ao exerc\u00edcio financeiro de 2019. A aprecia\u00e7\u00e3o ser\u00e1 feita em sess\u00e3o extraordin\u00e1ria telepresencial, conforme comunicado pelo presidente do Tribunal, Jos\u00e9 Mucio Monteiro, na sess\u00e3o plen\u00e1ria do TCU no dia 4 de mar\u00e7o. O [&hellip;]<\/p>\n","protected":false},"author":89,"featured_media":0,"comment_status":"open","ping_status":"closed","sticky":false,"template":"","format":"standard","meta":{"footnotes":""},"categories":[2719],"tags":[693,2584,2278,15939,1551,13649,5166,3169,2227,635,17336],"class_list":["post-16500","post","type-post","status-publish","format-standard","hentry","category-servidor","tag-congresso-nacional","tag-constituicao","tag-contas","tag-extraordinaria","tag-financeiro","tag-jair-bolsonaro","tag-presidente-da-republica","tag-relator","tag-sessao","tag-tcu","tag-telepresencial"],"_links":{"self":[{"href":"https:\/\/blogs.correiobraziliense.com.br\/servidor\/wp-json\/wp\/v2\/posts\/16500","targetHints":{"allow":["GET"]}}],"collection":[{"href":"https:\/\/blogs.correiobraziliense.com.br\/servidor\/wp-json\/wp\/v2\/posts"}],"about":[{"href":"https:\/\/blogs.correiobraziliense.com.br\/servidor\/wp-json\/wp\/v2\/types\/post"}],"author":[{"embeddable":true,"href":"https:\/\/blogs.correiobraziliense.com.br\/servidor\/wp-json\/wp\/v2\/users\/89"}],"replies":[{"embeddable":true,"href":"https:\/\/blogs.correiobraziliense.com.br\/servidor\/wp-json\/wp\/v2\/comments?post=16500"}],"version-history":[{"count":0,"href":"https:\/\/blogs.correiobraziliense.com.br\/servidor\/wp-json\/wp\/v2\/posts\/16500\/revisions"}],"wp:attachment":[{"href":"https:\/\/blogs.correiobraziliense.com.br\/servidor\/wp-json\/wp\/v2\/media?parent=16500"}],"wp:term":[{"taxonomy":"category","embeddable":true,"href":"https:\/\/blogs.correiobraziliense.com.br\/servidor\/wp-json\/wp\/v2\/categories?post=16500"},{"taxonomy":"post_tag","embeddable":true,"href":"https:\/\/blogs.correiobraziliense.com.br\/servidor\/wp-json\/wp\/v2\/tags?post=16500"}],"curies":[{"name":"wp","href":"https:\/\/api.w.org\/{rel}","templated":true}]}}