{"id":16489,"date":"2020-06-08T10:27:02","date_gmt":"2020-06-08T13:27:02","guid":{"rendered":"http:\/\/blogs.correiobraziliense.com.br\/servidor\/?p=16489"},"modified":"2020-06-08T10:27:02","modified_gmt":"2020-06-08T13:27:02","slug":"amb-entrega-manifesto-em-defesa-da-democracia-e-do-judiciario-ao-presidente-do-stf","status":"publish","type":"post","link":"https:\/\/blogs.correiobraziliense.com.br\/servidor\/amb-entrega-manifesto-em-defesa-da-democracia-e-do-judiciario-ao-presidente-do-stf\/","title":{"rendered":"AMB entrega manifesto em defesa da democracia e do Judici\u00e1rio ao presidente do STF"},"content":{"rendered":"<p><em><strong>A presidente da Associa\u00e7\u00e3o dos Magistrados Brasileiros (AMB). Renata Gil, entrega hoje, \u00e0s 15 horas, um manifesto em defesa da democracia e do Judici\u00e1rio, ao presidente do STF, Dias Toffoli, e demais ministros. O evento ser\u00e1 transmitido pela AMB no YouTube e no Facebook<\/strong><\/em><\/p>\n<p>O manifesto foi organizado pela AMB, a maior entidade representativa de ju\u00edzes e desembargadores do pa\u00eds, e recebeu o apoio de dezenas de institui\u00e7\u00f5es, como a OAB, Codepre, Anamatra, Ajufe, Conamp, Anpr, Anpt, Cnbb, USP, Adepol-BR, ABI, Abraji, Fenaj, e mais de 200 associa\u00e7\u00f5es, centrais, confedera\u00e7\u00f5es e entidades da sociedade civil.<\/p>\n<p>Veja o texto na \u00edntegra:<\/p>\n<p>&#8220;Manifesto em defesa da Democracia e do Judici\u00e1rio<\/p>\n<p>O Poder Judici\u00e1rio \u00e9 um dos pilares do Estado Democr\u00e1tico de Direito. Sua independ\u00eancia \u00e9 condi\u00e7\u00e3o para a exist\u00eancia do regime democr\u00e1tico. Por isso, os signat\u00e1rios deste texto, representantes leg\u00edtimos das fun\u00e7\u00f5es essenciais \u00e0 realiza\u00e7\u00e3o da Justi\u00e7a e da sociedade civil, repudiam os ataques e amea\u00e7as desferidas contra o Judici\u00e1rio por grupos que pedem desde a pris\u00e3o dos ministros do Supremo Tribunal Federal at\u00e9 a imposi\u00e7\u00e3o de uma ditadura.<\/p>\n<p>O STF, mais importante tribunal do pa\u00eds, tem desempenhado, de forma republicana, seu papel de balizar a forma como a Constitui\u00e7\u00e3o deve ser aplicada. As crises, sanit\u00e1ria e econ\u00f4mica, que assolam o pa\u00eds s\u00f3 podem ser superadas com a preserva\u00e7\u00e3o dos princ\u00edpios fundamentais da Rep\u00fablica, como a pluralidade pol\u00edtica e a separa\u00e7\u00e3o harm\u00f4nica entre os Poderes, bem como dos direitos e garantias fundamentais dos cidad\u00e3os e das prerrogativas dos integrantes do sistema de Justi\u00e7a.<\/p>\n<p>Atacar o STF significa amea\u00e7ar todo o Judici\u00e1rio e os valores democr\u00e1ticos do Brasil. Discord\u00e2ncias, debates e cr\u00edticas fazem parte e s\u00e3o bem-vindas no Estado de Direito. A liberdade de manifesta\u00e7\u00e3o e de express\u00e3o, no entanto, n\u00e3o abarca discursos de \u00f3dio e a apologia ao autoritarismo, \u00e0 ditadura e a ideologias totalit\u00e1rias que j\u00e1 foram derrotadas no passado.<\/p>\n<p>Munidos de di\u00e1logo, pretendemos manter vivo o desejo de um pa\u00eds mais justo, solid\u00e1rio, cidad\u00e3o e respons\u00e1vel. \u00c9 o legado que a Constitui\u00e7\u00e3o Federal determina que todos deixem para as gera\u00e7\u00f5es futuras.&#8221;<\/p>\n","protected":false},"excerpt":{"rendered":"<p>A presidente da Associa\u00e7\u00e3o dos Magistrados Brasileiros (AMB). Renata Gil, entrega hoje, \u00e0s 15 horas, um manifesto em defesa da democracia e do Judici\u00e1rio, ao presidente do STF, Dias Toffoli, e demais ministros. O evento ser\u00e1 transmitido pela AMB no YouTube e no Facebook O manifesto foi organizado pela AMB, a maior entidade representativa de ju\u00edzes e desembargadores do pa\u00eds, [&hellip;]<\/p>\n","protected":false},"author":89,"featured_media":0,"comment_status":"open","ping_status":"closed","sticky":false,"template":"","format":"standard","meta":{"footnotes":""},"categories":[2719],"tags":[1409,2553,4053,1039,56,263,64,623,1038,351,34],"class_list":["post-16489","post","type-post","status-publish","format-standard","hentry","category-servidor","tag-amb","tag-ameacas","tag-democracia","tag-ditadura","tag-estado","tag-independencia","tag-judiciario","tag-manifesto","tag-prisao","tag-sociedade","tag-stf"],"_links":{"self":[{"href":"https:\/\/blogs.correiobraziliense.com.br\/servidor\/wp-json\/wp\/v2\/posts\/16489","targetHints":{"allow":["GET"]}}],"collection":[{"href":"https:\/\/blogs.correiobraziliense.com.br\/servidor\/wp-json\/wp\/v2\/posts"}],"about":[{"href":"https:\/\/blogs.correiobraziliense.com.br\/servidor\/wp-json\/wp\/v2\/types\/post"}],"author":[{"embeddable":true,"href":"https:\/\/blogs.correiobraziliense.com.br\/servidor\/wp-json\/wp\/v2\/users\/89"}],"replies":[{"embeddable":true,"href":"https:\/\/blogs.correiobraziliense.com.br\/servidor\/wp-json\/wp\/v2\/comments?post=16489"}],"version-history":[{"count":0,"href":"https:\/\/blogs.correiobraziliense.com.br\/servidor\/wp-json\/wp\/v2\/posts\/16489\/revisions"}],"wp:attachment":[{"href":"https:\/\/blogs.correiobraziliense.com.br\/servidor\/wp-json\/wp\/v2\/media?parent=16489"}],"wp:term":[{"taxonomy":"category","embeddable":true,"href":"https:\/\/blogs.correiobraziliense.com.br\/servidor\/wp-json\/wp\/v2\/categories?post=16489"},{"taxonomy":"post_tag","embeddable":true,"href":"https:\/\/blogs.correiobraziliense.com.br\/servidor\/wp-json\/wp\/v2\/tags?post=16489"}],"curies":[{"name":"wp","href":"https:\/\/api.w.org\/{rel}","templated":true}]}}