{"id":16474,"date":"2020-06-05T20:42:01","date_gmt":"2020-06-05T23:42:01","guid":{"rendered":"http:\/\/blogs.correiobraziliense.com.br\/servidor\/?p=16474"},"modified":"2020-06-05T20:42:01","modified_gmt":"2020-06-05T23:42:01","slug":"stf-proibe-operacoes-em-comunidades-do-rio-durante-a-pandemia","status":"publish","type":"post","link":"https:\/\/blogs.correiobraziliense.com.br\/servidor\/stf-proibe-operacoes-em-comunidades-do-rio-durante-a-pandemia\/","title":{"rendered":"STF pro\u00edbe opera\u00e7\u00f5es em comunidades do Rio durante a pandemia"},"content":{"rendered":"<p><em><strong>Frei David Santos, da ONG Educafro, comemora a decis\u00e3o do ministro Edson Facchin, em uma A\u00e7\u00e3o de Descumprimento de Preceitos Fundamentais proibindo o governador do Rio de Janeiro de fazer opera\u00e7\u00f5es em comunidades durante a pandemia<\/strong><\/em><\/p>\n<p>https:\/\/youtu.be\/rgFtfyER3RE<\/p>\n<p>A liminar do ministro, nessa sexta-feira, determina que, &#8220;sob pena de responsabiliza\u00e7\u00e3o civil e criminal, n\u00e3o se realizem opera\u00e7\u00f5es policiais em comunidades do Rio de Janeiro durante a epidemia do Covid-19, salvo em hip\u00f3teses absolutamente excepcionais, que devem ser devidamente justificadas por escrito pela autoridade competente, com a comunica\u00e7\u00e3o imediata ao Minist\u00e9rio P\u00fablico do Estado do Rio de Janeiro \u2013 respons\u00e1vel pelo controle externo da atividade policial&#8221;<\/p>\n<p>Manda ainda que, nos casos extraordin\u00e1rios de realiza\u00e7\u00e3o dessas opera\u00e7\u00f5es durante a pandemia, &#8220;sejam adotados cuidados excepcionais, devidamente identificados por escrito pela autoridade competente, para n\u00e3o colocar em risco ainda maior popula\u00e7\u00e3o, a presta\u00e7\u00e3o de servi\u00e7os p\u00fablicos sanit\u00e1rios e o desempenho de atividades de ajuda humanit\u00e1ria&#8221;. A liminar do STF foi resultado da A\u00e7\u00e3o de Descumprimento de Preceitos Fundamentais (ADPF) n\u00famero 635, que teve a Educafro como amicus curiae (quando s\u00e3o apresentados dados consistentes dentro de um processo).<\/p>\n<p><strong>Hist\u00f3rico<\/strong><\/p>\n<p>No dia 25 de maio, o governador do Rio, Wilson Witzel, disse que n\u00e3o suspenderia as opera\u00e7\u00f5es policiais em comunidades durante a pandemia.\u00a0 Mas pediu que as incurs\u00f5es fossem planejadas, levando em considera\u00e7\u00e3o atividades beneficentes, com distribui\u00e7\u00e3o de cestas b\u00e1sicas e produtos de higiene.\u00a0 Os representantes das favelas, segundo o governante, deveriam avisar quando alguma opera\u00e7\u00e3o comunit\u00e1ria estivesse em curso para evitar invas\u00f5es das for\u00e7as policiais naquele momento. Ele chegou a se reunir com v\u00e1rios l\u00edderes depois de reclama\u00e7\u00f5es sobre assassinatos de inocentes.<\/p>\n","protected":false},"excerpt":{"rendered":"<p>Frei David Santos, da ONG Educafro, comemora a decis\u00e3o do ministro Edson Facchin, em uma A\u00e7\u00e3o de Descumprimento de Preceitos Fundamentais proibindo o governador do Rio de Janeiro de fazer opera\u00e7\u00f5es em comunidades durante a pandemia https:\/\/youtu.be\/rgFtfyER3RE A liminar do ministro, nessa sexta-feira, determina que, &#8220;sob pena de responsabiliza\u00e7\u00e3o civil e criminal, n\u00e3o se realizem opera\u00e7\u00f5es policiais em comunidades do [&hellip;]<\/p>\n","protected":false},"author":89,"featured_media":0,"comment_status":"open","ping_status":"closed","sticky":false,"template":"","format":"standard","meta":{"footnotes":""},"categories":[2719],"tags":[348,5369,17256,10787,3285,417,35,9836,686,17255,754,34],"class_list":["post-16474","post","type-post","status-publish","format-standard","hentry","category-servidor","tag-adpf","tag-comunidades","tag-covid-19","tag-educafro","tag-governador","tag-ministerio-publico","tag-ministro","tag-ong","tag-operacoes","tag-pandemia","tag-rio-de-janeiro","tag-stf"],"_links":{"self":[{"href":"https:\/\/blogs.correiobraziliense.com.br\/servidor\/wp-json\/wp\/v2\/posts\/16474","targetHints":{"allow":["GET"]}}],"collection":[{"href":"https:\/\/blogs.correiobraziliense.com.br\/servidor\/wp-json\/wp\/v2\/posts"}],"about":[{"href":"https:\/\/blogs.correiobraziliense.com.br\/servidor\/wp-json\/wp\/v2\/types\/post"}],"author":[{"embeddable":true,"href":"https:\/\/blogs.correiobraziliense.com.br\/servidor\/wp-json\/wp\/v2\/users\/89"}],"replies":[{"embeddable":true,"href":"https:\/\/blogs.correiobraziliense.com.br\/servidor\/wp-json\/wp\/v2\/comments?post=16474"}],"version-history":[{"count":0,"href":"https:\/\/blogs.correiobraziliense.com.br\/servidor\/wp-json\/wp\/v2\/posts\/16474\/revisions"}],"wp:attachment":[{"href":"https:\/\/blogs.correiobraziliense.com.br\/servidor\/wp-json\/wp\/v2\/media?parent=16474"}],"wp:term":[{"taxonomy":"category","embeddable":true,"href":"https:\/\/blogs.correiobraziliense.com.br\/servidor\/wp-json\/wp\/v2\/categories?post=16474"},{"taxonomy":"post_tag","embeddable":true,"href":"https:\/\/blogs.correiobraziliense.com.br\/servidor\/wp-json\/wp\/v2\/tags?post=16474"}],"curies":[{"name":"wp","href":"https:\/\/api.w.org\/{rel}","templated":true}]}}