{"id":16465,"date":"2020-06-05T17:42:11","date_gmt":"2020-06-05T20:42:11","guid":{"rendered":"http:\/\/blogs.correiobraziliense.com.br\/servidor\/?p=16465"},"modified":"2020-06-05T17:42:11","modified_gmt":"2020-06-05T20:42:11","slug":"14-servidores-testam-positivo-para-a-covid-19-na-assistencia-social-do-df","status":"publish","type":"post","link":"https:\/\/blogs.correiobraziliense.com.br\/servidor\/14-servidores-testam-positivo-para-a-covid-19-na-assistencia-social-do-df\/","title":{"rendered":"14 servidores testam positivo para a Covid-19 na assist\u00eancia social do DF"},"content":{"rendered":"<p><em><strong>Um total de 14 servidores da assist\u00eancia social do Governo do Distrito Federal (GDF) testaram positivo para a Covid-19 at\u00e9 esta sexta-feira (5 de junho). A categoria, desde o in\u00edcio da pandemia pelo coronav\u00edrus, sofre com a falta de apoio do Executivo, que n\u00e3o distribuiu equipamentos de prote\u00e7\u00e3o individual (EPI) completos nem testagem em massa para os servidores, afirma o Sindicato dos Servidores da Assist\u00eancia Social e Cultural (Sindsasc)<\/strong><\/em><\/p>\n<p>Em unidades como os Centros de Refer\u00eancia em Assist\u00eancia Social (Cras) e Unidade de Acolhimento para Adultos e Fam\u00edlias (Unaf), profissionais t\u00eam utilizado m\u00e1scaras que foram adquiridas pelo Sindsasc ou por conta pr\u00f3pria. Do GDF, os servidores da \u00e1rea s\u00f3 receberam \u00e1lcool em gel e equipamentos em quantidade insuficiente. Classificada como servi\u00e7o essencial, a assist\u00eancia social vive em constante situa\u00e7\u00e3o de risco de contamina\u00e7\u00e3o, destaca o sindicato.<\/p>\n<p>O sindicato tem cobrado do GDF que todos os servidores da assist\u00eancia social sejam testados quinzenalmente. \u201cDefendemos tamb\u00e9m a testagem de todos os profissionais que atuam nas unidades da assist\u00eancia social, como vigilantes e profissionais da limpeza. Essa \u00e9 uma medida indispens\u00e1vel porque assegura a redu\u00e7\u00e3o de cont\u00e1gio, tanto para os servidores quanto para a popula\u00e7\u00e3o atendida\u201d, afirma Clayton Avelar, presidente do Sindsasc.<\/p>\n<p><strong>Colapso<\/strong><\/p>\n<p>A assist\u00eancia social p\u00fablica do DF opera com apenas 10% do contingente de servidores necess\u00e1rios para atender \u00e0 demanda que cresce a cada dia agravada pela crise econ\u00f4mica gerada pela pandemia. O Sindsasc aponta que atualmente aproximadamente 500 dos 1.000 servidores da categoria n\u00e3o est\u00e3o em atividade, porque est\u00e3o afastados de suas fun\u00e7\u00f5es por pertencerem ao grupo de risco da doen\u00e7a.<\/p>\n","protected":false},"excerpt":{"rendered":"<p>Um total de 14 servidores da assist\u00eancia social do Governo do Distrito Federal (GDF) testaram positivo para a Covid-19 at\u00e9 esta sexta-feira (5 de junho). A categoria, desde o in\u00edcio da pandemia pelo coronav\u00edrus, sofre com a falta de apoio do Executivo, que n\u00e3o distribuiu equipamentos de prote\u00e7\u00e3o individual (EPI) completos nem testagem em massa para os servidores, afirma o [&hellip;]<\/p>\n","protected":false},"author":89,"featured_media":0,"comment_status":"open","ping_status":"closed","sticky":false,"template":"","format":"standard","meta":{"footnotes":""},"categories":[2719],"tags":[2108,10474,16896,17256,5259,5092,1654,17255,4879,1212,58,11776],"class_list":["post-16465","post","type-post","status-publish","format-standard","hentry","category-servidor","tag-assistencia-social","tag-contaminacao","tag-coronavirus","tag-covid-19","tag-epi","tag-equipamentos","tag-essencial","tag-pandemia","tag-positivo","tag-risco","tag-servidores","tag-sindsasc"],"_links":{"self":[{"href":"https:\/\/blogs.correiobraziliense.com.br\/servidor\/wp-json\/wp\/v2\/posts\/16465","targetHints":{"allow":["GET"]}}],"collection":[{"href":"https:\/\/blogs.correiobraziliense.com.br\/servidor\/wp-json\/wp\/v2\/posts"}],"about":[{"href":"https:\/\/blogs.correiobraziliense.com.br\/servidor\/wp-json\/wp\/v2\/types\/post"}],"author":[{"embeddable":true,"href":"https:\/\/blogs.correiobraziliense.com.br\/servidor\/wp-json\/wp\/v2\/users\/89"}],"replies":[{"embeddable":true,"href":"https:\/\/blogs.correiobraziliense.com.br\/servidor\/wp-json\/wp\/v2\/comments?post=16465"}],"version-history":[{"count":0,"href":"https:\/\/blogs.correiobraziliense.com.br\/servidor\/wp-json\/wp\/v2\/posts\/16465\/revisions"}],"wp:attachment":[{"href":"https:\/\/blogs.correiobraziliense.com.br\/servidor\/wp-json\/wp\/v2\/media?parent=16465"}],"wp:term":[{"taxonomy":"category","embeddable":true,"href":"https:\/\/blogs.correiobraziliense.com.br\/servidor\/wp-json\/wp\/v2\/categories?post=16465"},{"taxonomy":"post_tag","embeddable":true,"href":"https:\/\/blogs.correiobraziliense.com.br\/servidor\/wp-json\/wp\/v2\/tags?post=16465"}],"curies":[{"name":"wp","href":"https:\/\/api.w.org\/{rel}","templated":true}]}}