{"id":16462,"date":"2020-06-05T11:55:31","date_gmt":"2020-06-05T14:55:31","guid":{"rendered":"http:\/\/blogs.correiobraziliense.com.br\/servidor\/?p=16462"},"modified":"2020-06-05T11:55:31","modified_gmt":"2020-06-05T14:55:31","slug":"ato-dos-servidores-pelo-dia-mundial-do-meio-ambiente","status":"publish","type":"post","link":"https:\/\/blogs.correiobraziliense.com.br\/servidor\/ato-dos-servidores-pelo-dia-mundial-do-meio-ambiente\/","title":{"rendered":"Ato dos servidores pelo Dia Mundial do Meio Ambiente"},"content":{"rendered":"<p><em><strong>A Associa\u00e7\u00e3o dos Servidores da Carreira de Especialistas em Meio Ambiente (Asibama-DF)em manifesta\u00e7\u00e3o.\u00a0O tema\u00a0 \u00e9 &#8220;Em Defesa da Vida e do Meio Ambiente, mais Servi\u00e7os P\u00fablicos de qualidade, Fim da gest\u00e3o de Ricardo Salles e do governo Bolsonaro&#8221;<\/strong><\/em><\/p>\n<p><iframe loading=\"lazy\" title=\"Ato Pelo Meio Meio Ambiente - ASIBAMA DF 2020\" width=\"1440\" height=\"810\" src=\"https:\/\/www.youtube.com\/embed\/TMHOMOqvluo?feature=oembed\" frameborder=\"0\" allow=\"accelerometer; autoplay; clipboard-write; encrypted-media; gyroscope; picture-in-picture; web-share\" referrerpolicy=\"strict-origin-when-cross-origin\" allowfullscreen><\/iframe><\/p>\n<p>Esta a\u00e7\u00e3o conta com apoio da Ascema Nacional, Sindsep-DF, Condsef e outros parceiros.\u00a0\u201cA manifesta\u00e7\u00e3o foi organizada sob sigilo e com os cuidados que a OMS recomenda e est\u00e1 prevista para receber, no m\u00e1ximo, 50 pessoas, com distanciamento, uso de m\u00e1scaras, higieniza\u00e7\u00e3o com \u00e1lcool gel etc\u201d, conta a Asibama.<\/p>\n","protected":false},"excerpt":{"rendered":"<p>A Associa\u00e7\u00e3o dos Servidores da Carreira de Especialistas em Meio Ambiente (Asibama-DF)em manifesta\u00e7\u00e3o.\u00a0O tema\u00a0 \u00e9 &#8220;Em Defesa da Vida e do Meio Ambiente, mais Servi\u00e7os P\u00fablicos de qualidade, Fim da gest\u00e3o de Ricardo Salles e do governo Bolsonaro&#8221; Esta a\u00e7\u00e3o conta com apoio da Ascema Nacional, Sindsep-DF, Condsef e outros parceiros.\u00a0\u201cA manifesta\u00e7\u00e3o foi organizada sob sigilo e com os cuidados [&hellip;]<\/p>\n","protected":false},"author":89,"featured_media":0,"comment_status":"open","ping_status":"closed","sticky":false,"template":"","format":"standard","meta":{"footnotes":""},"categories":[2719],"tags":[17652,17650,1151,4020,58],"class_list":["post-16462","post","type-post","status-publish","format-standard","hentry","category-servidor","tag-dia-mundial-do-meio-ambiente","tag-distanciamento","tag-manifestacao","tag-oms","tag-servidores"],"_links":{"self":[{"href":"https:\/\/blogs.correiobraziliense.com.br\/servidor\/wp-json\/wp\/v2\/posts\/16462","targetHints":{"allow":["GET"]}}],"collection":[{"href":"https:\/\/blogs.correiobraziliense.com.br\/servidor\/wp-json\/wp\/v2\/posts"}],"about":[{"href":"https:\/\/blogs.correiobraziliense.com.br\/servidor\/wp-json\/wp\/v2\/types\/post"}],"author":[{"embeddable":true,"href":"https:\/\/blogs.correiobraziliense.com.br\/servidor\/wp-json\/wp\/v2\/users\/89"}],"replies":[{"embeddable":true,"href":"https:\/\/blogs.correiobraziliense.com.br\/servidor\/wp-json\/wp\/v2\/comments?post=16462"}],"version-history":[{"count":0,"href":"https:\/\/blogs.correiobraziliense.com.br\/servidor\/wp-json\/wp\/v2\/posts\/16462\/revisions"}],"wp:attachment":[{"href":"https:\/\/blogs.correiobraziliense.com.br\/servidor\/wp-json\/wp\/v2\/media?parent=16462"}],"wp:term":[{"taxonomy":"category","embeddable":true,"href":"https:\/\/blogs.correiobraziliense.com.br\/servidor\/wp-json\/wp\/v2\/categories?post=16462"},{"taxonomy":"post_tag","embeddable":true,"href":"https:\/\/blogs.correiobraziliense.com.br\/servidor\/wp-json\/wp\/v2\/tags?post=16462"}],"curies":[{"name":"wp","href":"https:\/\/api.w.org\/{rel}","templated":true}]}}