{"id":16446,"date":"2020-06-04T11:35:13","date_gmt":"2020-06-04T14:35:13","guid":{"rendered":"http:\/\/blogs.correiobraziliense.com.br\/servidor\/?p=16446"},"modified":"2020-06-04T11:35:13","modified_gmt":"2020-06-04T14:35:13","slug":"52-dos-servidores-federais-em-trabalho-remoto-e-1-283-casos-de-contaminados-pela-covid-19","status":"publish","type":"post","link":"https:\/\/blogs.correiobraziliense.com.br\/servidor\/52-dos-servidores-federais-em-trabalho-remoto-e-1-283-casos-de-contaminados-pela-covid-19\/","title":{"rendered":"52% dos servidores federais em trabalho remoto e 1.283 casos de contaminados pela Covid-19"},"content":{"rendered":"<p><em><strong>Os dados s\u00e3o da semana de 25 a 29 de maio e foram coletados nas unidades de gest\u00e3o de pessoas dos servidores p\u00fablicos federais civis, informa o Minist\u00e9rio da Economia<\/strong><\/em><\/p>\n<p>A Secretaria de Gest\u00e3o e Desempenho de Pessoal (SGP) do Minist\u00e9rio da Economia (ME) atualizou as informa\u00e7\u00f5es da pesquisa sobre o trabalho remoto e casos confirmados da Covid-19 no Poder Executivo Federal Civil.<\/p>\n<p>O levantamento aponta que, na semana de 25 a 29 de maio, 52% dos servidores p\u00fablicos federais civis est\u00e3o trabalhando em casa. Os casos confirmados de Covid-19 registrados no sistema s\u00e3o de 1.283.<\/p>\n<p>Esses n\u00fameros n\u00e3o incluem a Rede de Ensino Federal (REF) \u2013 formada por universidades, institutos e demais institui\u00e7\u00f5es de ensino federais \u2013 uma vez que o Minist\u00e9rio da Educa\u00e7\u00e3o divulga o retrato da situa\u00e7\u00e3o dessas institui\u00e7\u00f5es em seu portal.<\/p>\n<p>&#8220;Excetuando-se a REF, mais da metade (55%) das unidades administrativas de gest\u00e3o de pessoas encaminharam os dados \u00e0 SGP na semana de 25 a 29 de maio. Esta parcela representa 169.710 servidores ativos, ou 61% da for\u00e7a de trabalho do Poder Executivo Federal civil, sem considerar as institui\u00e7\u00f5es federais de ensino&#8221;, destaca o minist\u00e9rio.<\/p>\n<p>:<\/p>\n","protected":false},"excerpt":{"rendered":"<p>Os dados s\u00e3o da semana de 25 a 29 de maio e foram coletados nas unidades de gest\u00e3o de pessoas dos servidores p\u00fablicos federais civis, informa o Minist\u00e9rio da Economia A Secretaria de Gest\u00e3o e Desempenho de Pessoal (SGP) do Minist\u00e9rio da Economia (ME) atualizou as informa\u00e7\u00f5es da pesquisa sobre o trabalho remoto e casos confirmados da Covid-19 no Poder [&hellip;]<\/p>\n","protected":false},"author":89,"featured_media":0,"comment_status":"open","ping_status":"closed","sticky":false,"template":"","format":"standard","meta":{"footnotes":""},"categories":[2719],"tags":[17335,16896,59,14327,17644,58,9079,961,17259],"class_list":["post-16446","post","type-post","status-publish","format-standard","hentry","category-servidor","tag-contaminados","tag-coronavirus","tag-federais","tag-ministerio-da-economia","tag-ref","tag-servidores","tag-sgp","tag-sistema","tag-trabalho-remoto"],"_links":{"self":[{"href":"https:\/\/blogs.correiobraziliense.com.br\/servidor\/wp-json\/wp\/v2\/posts\/16446","targetHints":{"allow":["GET"]}}],"collection":[{"href":"https:\/\/blogs.correiobraziliense.com.br\/servidor\/wp-json\/wp\/v2\/posts"}],"about":[{"href":"https:\/\/blogs.correiobraziliense.com.br\/servidor\/wp-json\/wp\/v2\/types\/post"}],"author":[{"embeddable":true,"href":"https:\/\/blogs.correiobraziliense.com.br\/servidor\/wp-json\/wp\/v2\/users\/89"}],"replies":[{"embeddable":true,"href":"https:\/\/blogs.correiobraziliense.com.br\/servidor\/wp-json\/wp\/v2\/comments?post=16446"}],"version-history":[{"count":0,"href":"https:\/\/blogs.correiobraziliense.com.br\/servidor\/wp-json\/wp\/v2\/posts\/16446\/revisions"}],"wp:attachment":[{"href":"https:\/\/blogs.correiobraziliense.com.br\/servidor\/wp-json\/wp\/v2\/media?parent=16446"}],"wp:term":[{"taxonomy":"category","embeddable":true,"href":"https:\/\/blogs.correiobraziliense.com.br\/servidor\/wp-json\/wp\/v2\/categories?post=16446"},{"taxonomy":"post_tag","embeddable":true,"href":"https:\/\/blogs.correiobraziliense.com.br\/servidor\/wp-json\/wp\/v2\/tags?post=16446"}],"curies":[{"name":"wp","href":"https:\/\/api.w.org\/{rel}","templated":true}]}}