{"id":16439,"date":"2020-06-04T05:47:44","date_gmt":"2020-06-04T08:47:44","guid":{"rendered":"http:\/\/blogs.correiobraziliense.com.br\/servidor\/?p=16439"},"modified":"2020-06-04T05:47:44","modified_gmt":"2020-06-04T08:47:44","slug":"familias-de-classes-a-e-b-comemoram-e-acham-que-tem-direito-ao-auxilio-emergencial-diz-pesquisador","status":"publish","type":"post","link":"https:\/\/blogs.correiobraziliense.com.br\/servidor\/familias-de-classes-a-e-b-comemoram-e-acham-que-tem-direito-ao-auxilio-emergencial-diz-pesquisador\/","title":{"rendered":"Fam\u00edlias de classes A e B comemoram e acham que t\u00eam direito ao aux\u00edlio emergencial, diz pesquisador"},"content":{"rendered":"<p><em><strong>O Brasil tem 17,1 milh\u00f5es de fam\u00edlias nas classes A e B. <a href=\"https:\/\/bit.ly\/3czeJLs\">Um ter\u00e7o delas pediram o aux\u00edlio emergencial de R$ 600<\/a> (desenhado pelo governo para socorrer os mais necessitados diante da crise do novo coronav\u00edrus) e 69%, ou 3,89 milh\u00f5es de pessoas de alta renda, embolsaram o dinheiro, segundo dados do Instituto. \u00a0O que pode parecer um esc\u00e2ndalo para os mais humildes que se aglomeram em filas para receber e aguardam meses aguardando a an\u00e1lise dos CPS se tornou pr\u00e1tica corriqueira e sem culpa dos integrantes da parte de cima da pir\u00e2mide social.<\/strong><\/em><\/p>\n<p>Renato Meirelles, fundador e presidente do Instituto Locomotiva, revela que eles acham que t\u00eam direito, \u201cporque consideram que o dinheiro p\u00fablico n\u00e3o \u00e9 de ningu\u00e9m\u201d. Do ponto de vista moral e \u00e9tico tamb\u00e9m n\u00e3o acham errado e ainda comemoram pelas redes sociais. \u201cDivulgam churras (churrascos) regados a cerveja \u2018do aux\u00edlio emergencial\u2019. Em momento algum pensam que tiram de quem precisa. O curioso \u00e9 que todos eles dizem que s\u00e3o a favor do Estado m\u00ednimo e contra a corrup\u00e7\u00e3o\u201d, destaca.<\/p>\n<p>A pesquisa foi feita com 2.006 pessoas, em 72 cidades, em todos os Estados da federa\u00e7\u00e3o, de 20 e 25 de maio. Levou em conta a renda mensal m\u00ednima por pessoa de R$ 1,780 ou R$ 7.120 para uma fam\u00edlia de quatro pessoas (pouco abaixo da estimada pela FGV, a partir de R$ 8.641). Meirelles lembra que embora a simula\u00e7\u00e3o aponte renda m\u00ednima familiar de pouco mais de R$ 7 mil, a maioria, nesses casos, est\u00e1 na faixa salarial de R$ 10 a R$ 15 mil mensais.<\/p>\n<p>\u201cSomente 2% dessas pessoas disseram que usaram o dinheiro para comprar comida. Diferente do que constatamos em pesquisa feita na favela. A maioria que ganha o aux\u00edlio o divide com familiares, amigos e vizinhos, para que todos pudessem comer\u201d, refor\u00e7a Meirelles. Nas favelas, ao contr\u00e1rio, dois ter\u00e7os dos moradores pediram e 39% n\u00e3o conseguiram os R$ 600. Segundo o fundador do Instituto, as aberra\u00e7\u00f5es s\u00e3o consequ\u00eancia principalmente da falta de cruzamento entre os diversos cadastros de dados do governo.<\/p>\n<h2><strong>Desvio<\/strong><\/h2>\n<p>Centenas de militares das For\u00e7as Armadas, jovens de classe m\u00e9dia, esposas de empres\u00e1rios, servidores p\u00fablicos aposentados e dependentes j\u00e1<a href=\"https:\/\/www.correiobraziliense.com.br\/app\/noticia\/economia\/2020\/05\/26\/internas_economia,858505\/doadores-de-campanha-e-empresarios-receberam-auxilio-emergencial.shtml\"> fraudaram o fr\u00e1gil sistema p\u00fablico de tecnologia da informa\u00e7\u00e3o<\/a>. Se nada for feito, o rombo nos cofres do Tesouro Nacional pode ser superior a R$ 900 milh\u00f5es, informou um servidor (com sal\u00e1rio de R$ 39,2 milh\u00f5es) que incluiu entre os eleg\u00edveis ao aux\u00edlio emergencial a filha de 19 anos, sua dependente declarada. A mo\u00e7a se inscreveu e foi aprovada.<\/p>\n<p>\u201cIsso confirmou minha suspeita de que o batimento de cadastros da Receita Federal n\u00e3o est\u00e1 completo. O golpe poderia ser evitado com simples confer\u00eancia, ou batimento cadastral, do CPF do interessado com o Imposto de Renda (IR). Tudo indica que a Receita n\u00e3o forneceu os dados dos dependentes, apenas os dos titulares. Falha absurda do governo\u201d, afirma a fonte. Ele explica que, no ano passado, cerca de 30 milh\u00f5es de pessoas declararam o IR. \u201cSuponha que em apenas 5% haja um golpe, representa 1,5 milh\u00e3o de pessoas. Se multiplicarmos pelos R$ 600 do aux\u00edlio emergencial, o total chega a R$ R$ 900 milh\u00f5es\u201d, detalha.<\/p>\n<p>Ou seja, basta omitir a renda familiar ao se cadastrar na Caixa Econ\u00f4mica Federal. J\u00e1 que a Dataprev n\u00e3o tem acesso aos dependentes e somente conhece os dados de quem teve renda abaixo de R$ 28,5 mil, em 2018. Por meio de nota, a Receita Federal nega a restri\u00e7\u00e3o. \u201cA formula\u00e7\u00e3o da pol\u00edtica p\u00fablica do aux\u00edlio emergencial \u00e9 conduzida pelo minist\u00e9rio setorial respons\u00e1vel. A atua\u00e7\u00e3o da Receita est\u00e1 relacionada \u00e0 aferi\u00e7\u00e3o da regularidade no. A institui\u00e7\u00e3o forneceu todas as informa\u00e7\u00f5es que foram solicitadas\u201d, contesta o Fisco.<\/p>\n<p>O Minist\u00e9rio da Cidadania, respons\u00e1vel pelo aux\u00edlio emergencial, esclarece que aqueles que tentam burlar a legisla\u00e7\u00e3o est\u00e3o sujeitos \u00e0s penalidades. \u201cSem preju\u00edzo das san\u00e7\u00f5es civis e penais cab\u00edveis, o trabalhador que prestar declara\u00e7\u00f5es falsas ou utilizar qualquer outro meio il\u00edcito para indevidamente ingressar ou se manter como benefici\u00e1rio do aux\u00edlio emergencial, ser\u00e1 obrigado a ressarcir os valores\u201d, aponta. A Dataprev destaca que \u201catua como parceira tecnol\u00f3gica da Cidadania\u201d e que essa situa\u00e7\u00e3o ocorre h\u00e1 \u201canos no Brasil e n\u00e3o na atual gest\u00e3o que est\u00e1 h\u00e1 18 meses no poder\u201d.<\/p>\n<p>&nbsp;<\/p>\n","protected":false},"excerpt":{"rendered":"<p>O Brasil tem 17,1 milh\u00f5es de fam\u00edlias nas classes A e B. Um ter\u00e7o delas pediram o aux\u00edlio emergencial de R$ 600 (desenhado pelo governo para socorrer os mais necessitados diante da crise do novo coronav\u00edrus) e 69%, ou 3,89 milh\u00f5es de pessoas de alta renda, embolsaram o dinheiro, segundo dados do Instituto. \u00a0O que pode parecer um esc\u00e2ndalo para [&hellip;]<\/p>\n","protected":false},"author":89,"featured_media":16444,"comment_status":"open","ping_status":"closed","sticky":false,"template":"","format":"standard","meta":{"footnotes":""},"categories":[2719],"tags":[17262,16896,205,888,374,13050,56,1242,11241,5287,6519,241,316,1083,358],"class_list":["post-16439","post","type-post","status-publish","format-standard","has-post-thumbnail","hentry","category-servidor","tag-auxilio-emergencial","tag-coronavirus","tag-corrupcao","tag-desvio","tag-dinheiro","tag-escandalo","tag-estado","tag-familia","tag-favela","tag-instituto-locomotiva","tag-moradores","tag-publico","tag-recursos","tag-redes-sociais","tag-renda"],"_links":{"self":[{"href":"https:\/\/blogs.correiobraziliense.com.br\/servidor\/wp-json\/wp\/v2\/posts\/16439","targetHints":{"allow":["GET"]}}],"collection":[{"href":"https:\/\/blogs.correiobraziliense.com.br\/servidor\/wp-json\/wp\/v2\/posts"}],"about":[{"href":"https:\/\/blogs.correiobraziliense.com.br\/servidor\/wp-json\/wp\/v2\/types\/post"}],"author":[{"embeddable":true,"href":"https:\/\/blogs.correiobraziliense.com.br\/servidor\/wp-json\/wp\/v2\/users\/89"}],"replies":[{"embeddable":true,"href":"https:\/\/blogs.correiobraziliense.com.br\/servidor\/wp-json\/wp\/v2\/comments?post=16439"}],"version-history":[{"count":0,"href":"https:\/\/blogs.correiobraziliense.com.br\/servidor\/wp-json\/wp\/v2\/posts\/16439\/revisions"}],"wp:featuredmedia":[{"embeddable":true,"href":"https:\/\/blogs.correiobraziliense.com.br\/servidor\/wp-json\/wp\/v2\/media\/16444"}],"wp:attachment":[{"href":"https:\/\/blogs.correiobraziliense.com.br\/servidor\/wp-json\/wp\/v2\/media?parent=16439"}],"wp:term":[{"taxonomy":"category","embeddable":true,"href":"https:\/\/blogs.correiobraziliense.com.br\/servidor\/wp-json\/wp\/v2\/categories?post=16439"},{"taxonomy":"post_tag","embeddable":true,"href":"https:\/\/blogs.correiobraziliense.com.br\/servidor\/wp-json\/wp\/v2\/tags?post=16439"}],"curies":[{"name":"wp","href":"https:\/\/api.w.org\/{rel}","templated":true}]}}