{"id":16435,"date":"2020-06-03T17:38:02","date_gmt":"2020-06-03T20:38:02","guid":{"rendered":"http:\/\/blogs.correiobraziliense.com.br\/servidor\/?p=16435"},"modified":"2020-06-03T17:38:02","modified_gmt":"2020-06-03T20:38:02","slug":"fonacate-manifesto-em-defesa-da-democracia-da-vida-e-do-desenvolvimento-social","status":"publish","type":"post","link":"https:\/\/blogs.correiobraziliense.com.br\/servidor\/fonacate-manifesto-em-defesa-da-democracia-da-vida-e-do-desenvolvimento-social\/","title":{"rendered":"Fonacate &#8211; Manifesto em Defesa da Democracia, da Vida e do Desenvolvimento Social"},"content":{"rendered":"<p><em><strong>O Fonacate, diante das ame\u00e7as ao Estado democr\u00e1tico de direito e da intensifica\u00e7\u00e3o da crise sanit\u00e1ria, com precariza\u00e7\u00e3o do mercado de trabalho e aumento da pobreza e da desigualdade, se une\u00a0\u00e0 mobiliza\u00e7\u00e3o nacional, suprapartid\u00e1ria, em defesa da democracia e dos valores civilizat\u00f3rios<\/strong><\/em><\/p>\n<p>&#8220;Enquanto isso, grupos minorit\u00e1rios, mas com respaldo de autoridades, v\u00eam cada vez mais se sentindo \u00e0 vontade para\u00a0sair \u00e0s ruas em amea\u00e7a \u00e0queles com posi\u00e7\u00f5es ideol\u00f3gicas e pol\u00edticas distintas,em defesa do fechamento do regime pol\u00edtico,\u00a0em afronta ao Supremo Tribunal Federal e ao Congresso Nacional, contra governadores e prefeitos os mais diversos, contra\u00a0a liberdade de imprensa.\u00c0 crise sanit\u00e1ria, econ\u00f4mica social e institucional, soma-se a crise democr\u00e1tica, moral e cognitiva\u00a0insuflada por fakenews&#8221;, destaca a nota.<\/p>\n<p>Veja a nota:<\/p>\n<p>&#8220;O F\u00f3rum Nacional Permanente de Carreiras T\u00edpicas de Estado (Fonacate),que representa mais de 200 mil servidores\u00a0p\u00fablicos que desempenham atribui\u00e7\u00f5es imprescind\u00edveis ao Estado brasileiro, diante das reiteradas amea\u00e7as ao Estado\u00a0democr\u00e1tico de direito e da intensifica\u00e7\u00e3o da crise sanit\u00e1ria,econ\u00f4mica e social no pa\u00eds,vem a p\u00fablico conclamar autoridades e sociedade em geral \u00e0 unidade na caminhada civilizat\u00f3ria da na\u00e7\u00e3o, \u00e0 luz dos princ\u00edpios fundamentais insculpidos na\u00a0Constitui\u00e7\u00e3o da Rep\u00fablica Federativa do Brasil.<\/p>\n<p>Se antes da dissemina\u00e7\u00e3o local da pandemia do Covid-19 a agenda de minimiza\u00e7\u00e3o do Estado e de subtra\u00e7\u00e3o de<br \/>\ndireitos trabalhistas e sociais havia levado \u00e0 pior recupera\u00e7\u00e3o econ\u00f4mica j\u00e1 registrada,ao desmonte das pol\u00edticas p\u00fablicas,\u00a0\u00e0 precariza\u00e7\u00e3o do mercado de trabalho e, em \u00faltima an\u00e1lise, ao aumento da pobreza e da desigualdade social, esse quadro\u00a0se agravou durante a pandemia,sobretudo devido \u00e0 incapacidade do governo federal em promover a coalis\u00e3o necess\u00e1ria ao\u00a0enfrentamento da crise.<\/p>\n<p>Com efeito,a preval\u00eancia dos conflitos pol\u00edticos \u2013intensificados dia a dia por quem deveria atenu\u00e1-los \u2013em detrimento\u00a0da coopera\u00e7\u00e3o institucional acrescenta um apag\u00e3o gerencial ao desmonte das pol\u00edticas p\u00fablicas. O governo federal,o \u00fanico\u00a0capaz de compensar a queda da arrecada\u00e7\u00e3o com financiamento monet\u00e1rio ou endividamento, reluta em auxiliar a\u00a0popula\u00e7\u00e3o e as empresas em raz\u00e3o do apego ao ide\u00e1rio j\u00e1 nocivo do ultraliberalismo.Como resultado,o desemprego poder\u00e1\u00a0atingir mais de 20 milh\u00f5es de pessoas e o pa\u00eds corre o risco de se tornar campe\u00e3o mundial de \u00f3bitos na pandemia devido \u00e0\u00a0insufici\u00eancia e in\u00e9pcia da resposta governamental \u00e0 crise.<\/p>\n<p>Enquanto isso, grupos minorit\u00e1rios, mas com respaldo de autoridades, v\u00eam cada vez mais se sentindo \u00e0 vontade para\u00a0sair \u00e0s ruas em amea\u00e7a \u00e0queles com posi\u00e7\u00f5es ideol\u00f3gicas e pol\u00edticas distintas,em defesa do fechamento do regime pol\u00edtico,\u00a0em afronta ao Supremo Tribunal Federal e ao Congresso Nacional, contra governadores e prefeitos os mais diversos, contra\u00a0a liberdade de imprensa.\u00c0 crise sanit\u00e1ria, econ\u00f4mica social e institucional, soma-se a crise democr\u00e1tica, moral e cognitiva\u00a0insuflada por fakenews.<\/p>\n<p>Nesse momento cr\u00edtico do pa\u00eds,o F\u00f3rum Nacional Permanente de Carreiras T\u00edpicas de Estado vem a p\u00fablico para:<\/p>\n<p>a) assinalar, mais uma vez, o car\u00e1ter recessivo, regressivo, e anti-nacional da agenda de reformas ultraliberais de<br \/>\nsubtra\u00e7\u00e3o de direitos e de destrui\u00e7\u00e3o das pol\u00edticas p\u00fablicas;<br \/>\nb) defender a amplia\u00e7\u00e3o imediata do gasto p\u00fablico na propor\u00e7\u00e3o das necessidades da popula\u00e7\u00e3o e das empresas em\u00a0dificuldades,por exemplo, elevando valores e prazos do aux\u00edlio emergencial;<br \/>\nc) postular revis\u00e3o, no p\u00f3s calamidade, das regras fiscais brasileiras, a come\u00e7ar pela reforma do teto de gastos que<br \/>\nimpede que os investimentos em sa\u00fade e educa\u00e7\u00e3o acompanhem o crescimento da popula\u00e7\u00e3o;<br \/>\nd) unir-se \u00e0 mobiliza\u00e7\u00e3o nacional, suprapartid\u00e1ria, em defesa da democracia e dos valores civilizat\u00f3rios.<\/p>\n<p>\u00c9 hora de lutar pelo Estado Democr\u00e1tico de Direito,com unidade e responsabilidade.<\/p>\n<p>Bras\u00edlia, 03 de junho de 2020&#8221;<\/p>\n","protected":false},"excerpt":{"rendered":"<p>O Fonacate, diante das ame\u00e7as ao Estado democr\u00e1tico de direito e da intensifica\u00e7\u00e3o da crise sanit\u00e1ria, com precariza\u00e7\u00e3o do mercado de trabalho e aumento da pobreza e da desigualdade, se une\u00a0\u00e0 mobiliza\u00e7\u00e3o nacional, suprapartid\u00e1ria, em defesa da democracia e dos valores civilizat\u00f3rios &#8220;Enquanto isso, grupos minorit\u00e1rios, mas com respaldo de autoridades, v\u00eam cada vez mais se sentindo \u00e0 vontade para\u00a0sair [&hellip;]<\/p>\n","protected":false},"author":89,"featured_media":0,"comment_status":"open","ping_status":"closed","sticky":false,"template":"","format":"standard","meta":{"footnotes":""},"categories":[2719],"tags":[2553,693,366,1201,4053,3355,6115,82,3798,623,489,481,70,8629,3687,7570,58,2103,17635,261,1808,372],"class_list":["post-16435","post","type-post","status-publish","format-standard","hentry","category-servidor","tag-ameacas","tag-congresso-nacional","tag-crise","tag-defesa","tag-democracia","tag-desenvolvimento","tag-desigualdade","tag-fonacate","tag-governadores","tag-manifesto","tag-mercado","tag-mobilizacao","tag-nacional","tag-pobreza","tag-prefeitos","tag-sanitaria","tag-servidores","tag-social","tag-suprapartidaria","tag-trabalho","tag-valores","tag-vida"],"_links":{"self":[{"href":"https:\/\/blogs.correiobraziliense.com.br\/servidor\/wp-json\/wp\/v2\/posts\/16435","targetHints":{"allow":["GET"]}}],"collection":[{"href":"https:\/\/blogs.correiobraziliense.com.br\/servidor\/wp-json\/wp\/v2\/posts"}],"about":[{"href":"https:\/\/blogs.correiobraziliense.com.br\/servidor\/wp-json\/wp\/v2\/types\/post"}],"author":[{"embeddable":true,"href":"https:\/\/blogs.correiobraziliense.com.br\/servidor\/wp-json\/wp\/v2\/users\/89"}],"replies":[{"embeddable":true,"href":"https:\/\/blogs.correiobraziliense.com.br\/servidor\/wp-json\/wp\/v2\/comments?post=16435"}],"version-history":[{"count":0,"href":"https:\/\/blogs.correiobraziliense.com.br\/servidor\/wp-json\/wp\/v2\/posts\/16435\/revisions"}],"wp:attachment":[{"href":"https:\/\/blogs.correiobraziliense.com.br\/servidor\/wp-json\/wp\/v2\/media?parent=16435"}],"wp:term":[{"taxonomy":"category","embeddable":true,"href":"https:\/\/blogs.correiobraziliense.com.br\/servidor\/wp-json\/wp\/v2\/categories?post=16435"},{"taxonomy":"post_tag","embeddable":true,"href":"https:\/\/blogs.correiobraziliense.com.br\/servidor\/wp-json\/wp\/v2\/tags?post=16435"}],"curies":[{"name":"wp","href":"https:\/\/api.w.org\/{rel}","templated":true}]}}