{"id":16430,"date":"2020-06-03T15:44:39","date_gmt":"2020-06-03T18:44:39","guid":{"rendered":"http:\/\/blogs.correiobraziliense.com.br\/servidor\/?p=16430"},"modified":"2020-06-03T15:44:39","modified_gmt":"2020-06-03T18:44:39","slug":"servidores-de-hospitais-federais-protestam-contra-ameaca-de-demissoes","status":"publish","type":"post","link":"https:\/\/blogs.correiobraziliense.com.br\/servidor\/servidores-de-hospitais-federais-protestam-contra-ameaca-de-demissoes\/","title":{"rendered":"Servidores de hospitais federais protestam contra amea\u00e7a de demiss\u00f5es"},"content":{"rendered":"<p><em><strong>Os trabalhadores dos Hospitais Federais do Rio de Janeiro, tomando todas as medidas de prote\u00e7\u00e3o, fizeram protesto hoje (03\/06), contra amea\u00e7a de demiss\u00e3o de 400 funcion\u00e1rios contratados. Consideram inconsequente a iniciativa do governo de demitir profissionais de sa\u00fade em pleno crescimento do ciclo da pandemia da Covid 19, justamente quando os hospitais federais est\u00e3o no limite de vagas para atender \u00e0 popula\u00e7\u00e3o<\/strong><\/em><\/p>\n<p><img loading=\"lazy\" decoding=\"async\" class=\"size-large wp-image-16431 aligncenter\" src=\"https:\/\/blogs.correiobraziliense.com.br\/servidor\/wp-content\/uploads\/sites\/10\/2020\/06\/prof-hospitais-rj-473x1024.jpg\" alt=\"\" width=\"473\" height=\"1024\" srcset=\"https:\/\/blogs.correiobraziliense.com.br\/servidor\/wp-content\/uploads\/sites\/10\/2020\/06\/prof-hospitais-rj-473x1024.jpg 473w, https:\/\/blogs.correiobraziliense.com.br\/servidor\/wp-content\/uploads\/sites\/10\/2020\/06\/prof-hospitais-rj-139x300.jpg 139w, https:\/\/blogs.correiobraziliense.com.br\/servidor\/wp-content\/uploads\/sites\/10\/2020\/06\/prof-hospitais-rj-230x498.jpg 230w, https:\/\/blogs.correiobraziliense.com.br\/servidor\/wp-content\/uploads\/sites\/10\/2020\/06\/prof-hospitais-rj.jpg 532w\" sizes=\"auto, (max-width: 473px) 100vw, 473px\" \/><\/p>\n","protected":false},"excerpt":{"rendered":"<p>Os trabalhadores dos Hospitais Federais do Rio de Janeiro, tomando todas as medidas de prote\u00e7\u00e3o, fizeram protesto hoje (03\/06), contra amea\u00e7a de demiss\u00e3o de 400 funcion\u00e1rios contratados. Consideram inconsequente a iniciativa do governo de demitir profissionais de sa\u00fade em pleno crescimento do ciclo da pandemia da Covid 19, justamente quando os hospitais federais est\u00e3o no limite de vagas para atender [&hellip;]<\/p>\n","protected":false},"author":89,"featured_media":0,"comment_status":"open","ping_status":"closed","sticky":false,"template":"","format":"standard","meta":{"footnotes":""},"categories":[2719],"tags":[17256,1017,59,3841,17255,545,1075,2943,616,58,19],"class_list":["post-16430","post","type-post","status-publish","format-standard","hentry","category-servidor","tag-covid-19","tag-demissao","tag-federais","tag-hospitais","tag-pandemia","tag-populacao","tag-profissionais","tag-rj","tag-saude","tag-servidores","tag-trabalhadores"],"_links":{"self":[{"href":"https:\/\/blogs.correiobraziliense.com.br\/servidor\/wp-json\/wp\/v2\/posts\/16430","targetHints":{"allow":["GET"]}}],"collection":[{"href":"https:\/\/blogs.correiobraziliense.com.br\/servidor\/wp-json\/wp\/v2\/posts"}],"about":[{"href":"https:\/\/blogs.correiobraziliense.com.br\/servidor\/wp-json\/wp\/v2\/types\/post"}],"author":[{"embeddable":true,"href":"https:\/\/blogs.correiobraziliense.com.br\/servidor\/wp-json\/wp\/v2\/users\/89"}],"replies":[{"embeddable":true,"href":"https:\/\/blogs.correiobraziliense.com.br\/servidor\/wp-json\/wp\/v2\/comments?post=16430"}],"version-history":[{"count":0,"href":"https:\/\/blogs.correiobraziliense.com.br\/servidor\/wp-json\/wp\/v2\/posts\/16430\/revisions"}],"wp:attachment":[{"href":"https:\/\/blogs.correiobraziliense.com.br\/servidor\/wp-json\/wp\/v2\/media?parent=16430"}],"wp:term":[{"taxonomy":"category","embeddable":true,"href":"https:\/\/blogs.correiobraziliense.com.br\/servidor\/wp-json\/wp\/v2\/categories?post=16430"},{"taxonomy":"post_tag","embeddable":true,"href":"https:\/\/blogs.correiobraziliense.com.br\/servidor\/wp-json\/wp\/v2\/tags?post=16430"}],"curies":[{"name":"wp","href":"https:\/\/api.w.org\/{rel}","templated":true}]}}