{"id":16418,"date":"2020-06-03T11:57:40","date_gmt":"2020-06-03T14:57:40","guid":{"rendered":"http:\/\/blogs.correiobraziliense.com.br\/servidor\/?p=16418"},"modified":"2020-06-03T11:57:40","modified_gmt":"2020-06-03T14:57:40","slug":"o-futuro-do-trabalho-e-do-trabalhador-2","status":"publish","type":"post","link":"https:\/\/blogs.correiobraziliense.com.br\/servidor\/o-futuro-do-trabalho-e-do-trabalhador-2\/","title":{"rendered":"O futuro do trabalho e do trabalhador"},"content":{"rendered":"<p><em><strong>Amanh\u00e3, quarta-feira (04\/06), \u00e0s 18 horas, mais um evento da s\u00e9rie de lives sobre &#8220;O futuro do trabalho e o trabalhador&#8221; . Nesse segundo debate, o tema ser\u00e1 &#8220;Teletrabalho e uberiza\u00e7\u00e3o do emprego\u201d<\/strong><\/em><\/p>\n<p><img loading=\"lazy\" decoding=\"async\" class=\"size-full wp-image-16419 aligncenter\" src=\"https:\/\/blogs.correiobraziliense.com.br\/servidor\/wp-content\/uploads\/sites\/10\/2020\/06\/futuro-do-trabalho.jpg\" alt=\"\" width=\"596\" height=\"682\" \/><\/p>\n<p>Palestrantes:<\/p>\n<p>\u2022 Dimas Moreira da Costa \u2013 Procurador do Minist\u00e9rio P\u00fablico do Trabalho -15\u00aa Regi\u00e3o<\/p>\n<p>\u2022 Carlos Silva \u2013 Presidente Sinait \u2013 Sindicato Nacional dos Auditores Fiscais do Trabalho<\/p>\n<p>Debatedores:<\/p>\n<p>\u2022 Luis Nobile \u2013 Presidente Sindic\u00e2mara Campinas-SP<br \/>\n\u2022 M\u00e1rcio Moreira \u2013 Presidente Comerci\u00e1rios Capivari-SP<\/p>\n<p>Moderadores:<\/p>\n<p>\u2022 Vivian Previde, advogada especializada em Direito do Trabalho<br \/>\n\u2022 Sergio Lerrer, jornalista<\/p>\n<p>EVENTO ABERTO \u2013 Assista pelas Redes Sociais:<\/p>\n<p>(Interaja e envie suas perguntas pelos Chat )<\/p>\n<p>\ud83d\udd35 Assista no Facebook &#8211; www.facebook.com\/falacomerciario\/<\/p>\n<p>\ud83d\udd34 Assista no Yotube \u2013 https:\/\/www.youtube.com\/channel\/UCdTUk87XZhEjaWGWWToWteg<\/p>\n<p>\ud83d\udd35 Assista no Facebook \u2013 https:\/\/www.facebook.com\/agenciaservidores\/<\/p>\n<p>\ud83d\udd34 Assista no Yotube \u2013 https:\/\/www.youtube.com\/agenciaservidores<\/p>\n<p>Parceria: ELECAMP \u2013 Sincomerci\u00e1rios Piracicaba \u2013 SINTPq \u2013 Comerci\u00e1rios Campinas \u2013 Mhais Comunica\u00e7\u00e3o \u2013 Ag\u00eancia Servidores \u2013 SINAUFIC \u2013 Sindiquinze \u2013 AEAC Campinas<\/p>\n","protected":false},"excerpt":{"rendered":"<p>Amanh\u00e3, quarta-feira (04\/06), \u00e0s 18 horas, mais um evento da s\u00e9rie de lives sobre &#8220;O futuro do trabalho e o trabalhador&#8221; . Nesse segundo debate, o tema ser\u00e1 &#8220;Teletrabalho e uberiza\u00e7\u00e3o do emprego\u201d Palestrantes: \u2022 Dimas Moreira da Costa \u2013 Procurador do Minist\u00e9rio P\u00fablico do Trabalho -15\u00aa Regi\u00e3o \u2022 Carlos Silva \u2013 Presidente Sinait \u2013 Sindicato Nacional dos Auditores Fiscais [&hellip;]<\/p>\n","protected":false},"author":89,"featured_media":0,"comment_status":"open","ping_status":"closed","sticky":false,"template":"","format":"standard","meta":{"footnotes":""},"categories":[2719],"tags":[197,1200,1584,3088,261,17639],"class_list":["post-16418","post","type-post","status-publish","format-standard","hentry","category-servidor","tag-emprego","tag-futuro","tag-teletrabalho","tag-trabalhador","tag-trabalho","tag-uberizacao"],"_links":{"self":[{"href":"https:\/\/blogs.correiobraziliense.com.br\/servidor\/wp-json\/wp\/v2\/posts\/16418","targetHints":{"allow":["GET"]}}],"collection":[{"href":"https:\/\/blogs.correiobraziliense.com.br\/servidor\/wp-json\/wp\/v2\/posts"}],"about":[{"href":"https:\/\/blogs.correiobraziliense.com.br\/servidor\/wp-json\/wp\/v2\/types\/post"}],"author":[{"embeddable":true,"href":"https:\/\/blogs.correiobraziliense.com.br\/servidor\/wp-json\/wp\/v2\/users\/89"}],"replies":[{"embeddable":true,"href":"https:\/\/blogs.correiobraziliense.com.br\/servidor\/wp-json\/wp\/v2\/comments?post=16418"}],"version-history":[{"count":0,"href":"https:\/\/blogs.correiobraziliense.com.br\/servidor\/wp-json\/wp\/v2\/posts\/16418\/revisions"}],"wp:attachment":[{"href":"https:\/\/blogs.correiobraziliense.com.br\/servidor\/wp-json\/wp\/v2\/media?parent=16418"}],"wp:term":[{"taxonomy":"category","embeddable":true,"href":"https:\/\/blogs.correiobraziliense.com.br\/servidor\/wp-json\/wp\/v2\/categories?post=16418"},{"taxonomy":"post_tag","embeddable":true,"href":"https:\/\/blogs.correiobraziliense.com.br\/servidor\/wp-json\/wp\/v2\/tags?post=16418"}],"curies":[{"name":"wp","href":"https:\/\/api.w.org\/{rel}","templated":true}]}}