{"id":16407,"date":"2020-06-01T21:42:30","date_gmt":"2020-06-02T00:42:30","guid":{"rendered":"http:\/\/blogs.correiobraziliense.com.br\/servidor\/?p=16407"},"modified":"2020-06-01T21:42:30","modified_gmt":"2020-06-02T00:42:30","slug":"cidadaos-de-todos-os-matizes-querem-superar-velhas-disputas-pela-democracia","status":"publish","type":"post","link":"https:\/\/blogs.correiobraziliense.com.br\/servidor\/cidadaos-de-todos-os-matizes-querem-superar-velhas-disputas-pela-democracia\/","title":{"rendered":"Cidad\u00e3os de todos os matizes querem superar &#8220;velhas disputas&#8221; pela democracia"},"content":{"rendered":"<p><em><strong>No &#8220;Manifesto Estamos Juntos&#8221;, a sociedade civil busca, de forma suprapartid\u00e1ria, a liberdade e o respeito \u00e0 Constitui\u00e7\u00e3o<\/strong><\/em><\/p>\n<p>&#8220;Como aconteceu no movimento Diretas J\u00e1, \u00e9 hora de deixar de lado velhas disputas em busca do bem comum. Esquerda, centro e direita unidos para defender a lei, a ordem, a pol\u00edtica, a \u00e9tica, as fam\u00edlias, o voto, a ci\u00eancia, a verdade, o respeito e a valoriza\u00e7\u00e3o da diversidade, a liberdade de imprensa, a import\u00e2ncia da arte, a preserva\u00e7\u00e3o do meio ambiente e a responsabilidade na economia&#8221;, destaca o movimento <a href=\"https:\/\/movimentoestamosjuntos.org\/\">https:\/\/movimentoestamosjuntos.org\/<\/a>.<\/p>\n<p>Veja o texto:<\/p>\n<p>&#8220;MANIFESTO ESTAMOS JUNTOS \u2013<br \/>\nSomos cidad\u00e3s, cidad\u00e3os, empresas, organiza\u00e7\u00f5es e institui\u00e7\u00f5es brasileiras e fazemos parte da maioria que defende a vida, a liberdade e a democracia.<\/p>\n<p>Somos a maioria e exigimos que nossos representantes e lideran\u00e7as pol\u00edticas exer\u00e7am com afinco e dignidade seu papel diante da devastadora crise sanit\u00e1ria, pol\u00edtica e econ\u00f4mica que atravessa o pa\u00eds.<\/p>\n<p>Somos a maioria de brasileiras e brasileiros que apoia a independ\u00eancia dos poderes da Rep\u00fablica e clamamos que lideran\u00e7as partid\u00e1rias, prefeitos, governadores, vereadores, deputados, senadores, procuradores e ju\u00edzes assumam a responsabilidade de unir a p\u00e1tria e resgatar nossa identidade como na\u00e7\u00e3o.<\/p>\n<p>Somos mais de dois ter\u00e7os da popula\u00e7\u00e3o do Brasil e invocamos que partidos, seus l\u00edderes e candidatos agora deixem de lado projetos individuais de poder em favor de um projeto comum de pa\u00eds.<\/p>\n<p>Somos muitos, estamos juntos, e formamos uma frente ampla e diversa, suprapartid\u00e1ria, que valoriza a pol\u00edtica e trabalha para que a sociedade responda de maneira mais madura, consciente e eficaz aos crimes e desmandos de qualquer governo.<\/p>\n<p>Como aconteceu no movimento Diretas J\u00e1, \u00e9 hora de deixar de lado velhas disputas em busca do bem comum. Esquerda, centro e direita unidos para defender a lei, a ordem, a pol\u00edtica, a \u00e9tica, as fam\u00edlias, o voto, a ci\u00eancia, a verdade, o respeito e a valoriza\u00e7\u00e3o da diversidade, a liberdade de imprensa, a import\u00e2ncia da arte, a preserva\u00e7\u00e3o do meio ambiente e a responsabilidade na economia.<\/p>\n<p>Defendemos uma administra\u00e7\u00e3o p\u00fablica reverente \u00e0 Constitui\u00e7\u00e3o, audaz no combate \u00e0 corrup\u00e7\u00e3o e \u00e0 desigualdade, verdadeiramente comprometida com a educa\u00e7\u00e3o, a seguran\u00e7a e a sa\u00fade da popula\u00e7\u00e3o. Defendemos um pa\u00eds mais desenvolvido, mais feliz e mais justo.<\/p>\n<p>Temos ideias e opini\u00f5es diferentes, mas comungamos dos mesmos princ\u00edpios \u00e9ticos e democr\u00e1ticos. Queremos combater o \u00f3dio e a apatia com afeto, informa\u00e7\u00e3o, uni\u00e3o e esperan\u00e7a.<\/p>\n<p>Vamos #JUNTOS sonhar e fazer um Brasil que nos traga de volta a alegria e o orgulho de ser brasileiro.&#8221;<\/p>\n","protected":false},"excerpt":{"rendered":"<p>No &#8220;Manifesto Estamos Juntos&#8221;, a sociedade civil busca, de forma suprapartid\u00e1ria, a liberdade e o respeito \u00e0 Constitui\u00e7\u00e3o &#8220;Como aconteceu no movimento Diretas J\u00e1, \u00e9 hora de deixar de lado velhas disputas em busca do bem comum. Esquerda, centro e direita unidos para defender a lei, a ordem, a pol\u00edtica, a \u00e9tica, as fam\u00edlias, o voto, a ci\u00eancia, a verdade, [&hellip;]<\/p>\n","protected":false},"author":89,"featured_media":0,"comment_status":"open","ping_status":"closed","sticky":false,"template":"","format":"standard","meta":{"footnotes":""},"categories":[2719],"tags":[8341,1213,5332,4053,12124,17634,3113,4257,88,12123,1756,4898,1181,102,1757,623,2602,1945,1415,351,17635,7117],"class_list":["post-16407","post","type-post","status-publish","format-standard","hentry","category-servidor","tag-arte","tag-cidadaos","tag-ciencia","tag-democracia","tag-direita","tag-diretas-ja","tag-disputas","tag-diversidade","tag-economia","tag-esquerda","tag-etica","tag-familias","tag-imprensa","tag-lei","tag-liberdade","tag-manifesto","tag-meio-ambiente","tag-ordem","tag-politica","tag-sociedade","tag-suprapartidaria","tag-voto"],"_links":{"self":[{"href":"https:\/\/blogs.correiobraziliense.com.br\/servidor\/wp-json\/wp\/v2\/posts\/16407","targetHints":{"allow":["GET"]}}],"collection":[{"href":"https:\/\/blogs.correiobraziliense.com.br\/servidor\/wp-json\/wp\/v2\/posts"}],"about":[{"href":"https:\/\/blogs.correiobraziliense.com.br\/servidor\/wp-json\/wp\/v2\/types\/post"}],"author":[{"embeddable":true,"href":"https:\/\/blogs.correiobraziliense.com.br\/servidor\/wp-json\/wp\/v2\/users\/89"}],"replies":[{"embeddable":true,"href":"https:\/\/blogs.correiobraziliense.com.br\/servidor\/wp-json\/wp\/v2\/comments?post=16407"}],"version-history":[{"count":0,"href":"https:\/\/blogs.correiobraziliense.com.br\/servidor\/wp-json\/wp\/v2\/posts\/16407\/revisions"}],"wp:attachment":[{"href":"https:\/\/blogs.correiobraziliense.com.br\/servidor\/wp-json\/wp\/v2\/media?parent=16407"}],"wp:term":[{"taxonomy":"category","embeddable":true,"href":"https:\/\/blogs.correiobraziliense.com.br\/servidor\/wp-json\/wp\/v2\/categories?post=16407"},{"taxonomy":"post_tag","embeddable":true,"href":"https:\/\/blogs.correiobraziliense.com.br\/servidor\/wp-json\/wp\/v2\/tags?post=16407"}],"curies":[{"name":"wp","href":"https:\/\/api.w.org\/{rel}","templated":true}]}}