{"id":16402,"date":"2020-06-01T21:07:11","date_gmt":"2020-06-02T00:07:11","guid":{"rendered":"http:\/\/blogs.correiobraziliense.com.br\/servidor\/?p=16402"},"modified":"2020-06-01T21:07:11","modified_gmt":"2020-06-02T00:07:11","slug":"mpf-faz-palestra-online-sobre-cooperacao-internacional-contra-crimes","status":"publish","type":"post","link":"https:\/\/blogs.correiobraziliense.com.br\/servidor\/mpf-faz-palestra-online-sobre-cooperacao-internacional-contra-crimes\/","title":{"rendered":"MPF faz palestra online sobre coopera\u00e7\u00e3o internacional contra crimes"},"content":{"rendered":"<div>\n<p><em><strong>Evento ser\u00e1 das 14h30\u00a0 \u00e0s 16h. Palestrante ser\u00e1 o procurador regional Leonardo Cardoso, que coordenou a Lava Jato no Rio de Janeiro<\/strong><\/em><\/p>\n<\/div>\n<div>\n<p>Em 2 de junho, o Minist\u00e9rio P\u00fablico Federal (MPF) promove, das 14h30 \u00e0s 16h, a palestra online \u201cCoopera\u00e7\u00e3o internacional em mat\u00e9ria penal\u201d, com o procurador regional da Rep\u00fablica Leonardo Cardoso de Freitas, do N\u00facleo de Combate \u00e0 Corrup\u00e7\u00e3o do MPF na 3\u00aa Regi\u00e3o (SP\/MS) e ex-coordenador da For\u00e7a-tarefa Lava Jato\/RJ. O palestrante tem atuado na repress\u00e3o ao crime organizado em investiga\u00e7\u00f5es que envolvem a coopera\u00e7\u00e3o entre institui\u00e7\u00f5es brasileiras e \u00f3rg\u00e3os de persecu\u00e7\u00e3o de pa\u00edses como Estados Unidos, Fran\u00e7a e Su\u00ed\u00e7a.<\/p>\n<p>A palestra, uma iniciativa da chefia do MPF na 2\u00aa Regi\u00e3o, ser\u00e1 transmitida via Google Meet em tempo real \u2013 pelo link\u00a0<em><a href=\"http:\/\/meet.google.com\/tey-anud-kdz\" target=\"_blank\" rel=\"noopener\">meet.google.com\/tey-anud-kdz<\/a><\/em>\u00a0\u2013 e ter\u00e1 como mediador o procurador regional Jos\u00e9 Augusto Vagos, membro da Lava Jato\/RJ desde o in\u00edcio da for\u00e7a-tarefa, em 2016. O p\u00fablico poder\u00e1 participar da palestra fazendo perguntas por meio do chat dispon\u00edvel na plataforma.<\/p>\n<p><strong>Ciclo<\/strong><\/p>\n<\/div>\n<div>\n<p>O evento de 2 de junho faz parte do ciclo de palestras do MPF na 2\u00aa Regi\u00e3o (RJ\/ES), cujos temas anteriores foram \u201cLei 13.964\/2019: juiz das garantias e outras inova\u00e7\u00f5es\u201d (13\/2), \u201cJurisdi\u00e7\u00e3o com perspectiva de g\u00eanero e ra\u00e7a\u201d (11\/3) e \u201cO novo coronav\u00edrus e o Direito Penal (14\/5). O projeto oferece um espa\u00e7o de aprendizagem e troca de conhecimentos para os p\u00fablicos interno e externo.<\/p>\n<p><strong>Palestra online \u201cCoopera\u00e7\u00e3o internacional em mat\u00e9ria penal&#8221;<br \/>\n<\/strong>Com Leonardo Cardoso de Freitas; medi\u00e7\u00e3o: Jos\u00e9 Augusto Vagos<br \/>\nDia: 2\/6, das 14h30 \u00e0s 16h<br \/>\nVia Google Meet (<em><a href=\"http:\/\/meet.google.com\/tey-anud-kdz\" target=\"_blank\" rel=\"noopener\">meet.google.com\/tey-anud-kdz<\/a><\/em>)<\/p>\n<\/div>\n","protected":false},"excerpt":{"rendered":"<p>Evento ser\u00e1 das 14h30\u00a0 \u00e0s 16h. Palestrante ser\u00e1 o procurador regional Leonardo Cardoso, que coordenou a Lava Jato no Rio de Janeiro Em 2 de junho, o Minist\u00e9rio P\u00fablico Federal (MPF) promove, das 14h30 \u00e0s 16h, a palestra online \u201cCoopera\u00e7\u00e3o internacional em mat\u00e9ria penal\u201d, com o procurador regional da Rep\u00fablica Leonardo Cardoso de Freitas, do N\u00facleo de Combate \u00e0 Corrup\u00e7\u00e3o [&hellip;]<\/p>\n","protected":false},"author":89,"featured_media":0,"comment_status":"open","ping_status":"closed","sticky":false,"template":"","format":"standard","meta":{"footnotes":""},"categories":[2719],"tags":[1178,3416,1642,7089,1071,1456,283,417,453,4658,8054,7751,4266,3628],"class_list":["post-16402","post","type-post","status-publish","format-standard","hentry","category-servidor","tag-cooperacao","tag-crime","tag-crimes","tag-forca-tarefa","tag-internacional","tag-investigacoes","tag-lava-jato","tag-ministerio-publico","tag-mpf","tag-online","tag-organizado","tag-palestra","tag-penal","tag-procurador"],"_links":{"self":[{"href":"https:\/\/blogs.correiobraziliense.com.br\/servidor\/wp-json\/wp\/v2\/posts\/16402","targetHints":{"allow":["GET"]}}],"collection":[{"href":"https:\/\/blogs.correiobraziliense.com.br\/servidor\/wp-json\/wp\/v2\/posts"}],"about":[{"href":"https:\/\/blogs.correiobraziliense.com.br\/servidor\/wp-json\/wp\/v2\/types\/post"}],"author":[{"embeddable":true,"href":"https:\/\/blogs.correiobraziliense.com.br\/servidor\/wp-json\/wp\/v2\/users\/89"}],"replies":[{"embeddable":true,"href":"https:\/\/blogs.correiobraziliense.com.br\/servidor\/wp-json\/wp\/v2\/comments?post=16402"}],"version-history":[{"count":0,"href":"https:\/\/blogs.correiobraziliense.com.br\/servidor\/wp-json\/wp\/v2\/posts\/16402\/revisions"}],"wp:attachment":[{"href":"https:\/\/blogs.correiobraziliense.com.br\/servidor\/wp-json\/wp\/v2\/media?parent=16402"}],"wp:term":[{"taxonomy":"category","embeddable":true,"href":"https:\/\/blogs.correiobraziliense.com.br\/servidor\/wp-json\/wp\/v2\/categories?post=16402"},{"taxonomy":"post_tag","embeddable":true,"href":"https:\/\/blogs.correiobraziliense.com.br\/servidor\/wp-json\/wp\/v2\/tags?post=16402"}],"curies":[{"name":"wp","href":"https:\/\/api.w.org\/{rel}","templated":true}]}}