{"id":164,"date":"2015-04-02T20:55:00","date_gmt":"2015-04-02T23:55:00","guid":{"rendered":"https:\/\/blogs.correiobraziliense.com.br\/servidor\/planejamento_capacitara_19_mil_usuarios_sobre_convenios_em_2015\/"},"modified":"2015-04-02T20:55:00","modified_gmt":"2015-04-02T23:55:00","slug":"planejamento_capacitara_19_mil_usuarios_sobre_convenios_em_2015","status":"publish","type":"post","link":"https:\/\/blogs.correiobraziliense.com.br\/servidor\/planejamento_capacitara_19_mil_usuarios_sobre_convenios_em_2015\/","title":{"rendered":"PLANEJAMENTO CAPACITAR\u00c1 19 MIL USU\u00c1RIOS SOBRE CONV\u00caNIOS EM 2015"},"content":{"rendered":"<p>A forma\u00e7\u00e3o desse pessoal ser\u00e1 em parceria com a Enap <\/p>\n<p>O Minist\u00e9rio do Planejamento lan\u00e7ou hoje a Rede Siconv, um procedimento para ampliar o&nbsp;Sistema de Conv\u00eanios e  Contratos de Repasse do Governo Federal (Siconv), aumentar a  transpar\u00eancia e aperfei\u00e7oar o monitoramento das transfer\u00eancias  volunt\u00e1rias da Uni\u00e3o. A Rede, segundo o \u00f3rg\u00e3o, vai exigir a capacita\u00e7\u00e3o, ainda neste ano, de 19 mil usu\u00e1rios em parceria  com a Escola Nacional de Administra\u00e7\u00e3o P\u00fablica (Enap). <\/p>\n<p>O  primeiro a assinar acordo de coopera\u00e7\u00e3o t\u00e9cnica com a  Secretaria de Log\u00edstica e Tecnologia da Informa\u00e7\u00e3o (SLTI), para empregar a Rede Siconv foi o Governo do Distrito Federal (GDF). Nos  pr\u00f3ximos 120 dias, servidores p\u00fablicos do GDF ser\u00e3o capacitados em  cursos a dist\u00e2ncia pela rede. Ap\u00f3s o treinamento, se tornar\u00e3o multiplicadores e v\u00e3o compartilhar o aprendizado com os demais t\u00e9cnicos  que usam o sistema.  <\/p>\n<p>A Rede Siconv prev\u00ea a forma\u00e7\u00e3o de  mais de 150 usu\u00e1rios do governo local. Na  primeira fase do projeto, ser\u00e3o assinados acordos de coopera\u00e7\u00e3o com  cinco estados brasileiros,&nbsp; um representante de cada regi\u00e3o. At\u00e9 o  fim do ano, o projeto ser\u00e1 ampliado e ser\u00e3o firmadas parcerias com os  demais estados. <\/p>\n<p>Criado em 2008, o&nbsp;<a href=\"https:\/\/www.convenios.gov.br\/portal\/\" target=\"_blank\">Siconv<\/a>&nbsp;tem  o objetivo de desburocratizar e dar mais transpar\u00eancia \u00e0s  transfer\u00eancias volunt\u00e1rias da Uni\u00e3o para estados, munic\u00edpios, Distrito  Federal e entidades privadas sem fins lucrativos. Essas transfer\u00eancias  podem ser por meio de conv\u00eanios, contratos de repasse e  termos de parceria. Por meio do sistema, o governo federal faz  repasse de recursos para a constru\u00e7\u00e3o de escolas, quadras esportivas,  cisternas, po\u00e7os artesianos e at\u00e9 mesmo hospitais. <\/p>\n<p>Bras\u00edlia, 20h55min <\/p>\n","protected":false},"excerpt":{"rendered":"<p>A forma\u00e7\u00e3o desse pessoal ser\u00e1 em parceria com a Enap O Minist\u00e9rio do Planejamento lan\u00e7ou hoje a Rede Siconv, um procedimento para ampliar o&nbsp;Sistema de Conv\u00eanios e Contratos de Repasse do Governo Federal (Siconv), aumentar a transpar\u00eancia e aperfei\u00e7oar o monitoramento das transfer\u00eancias volunt\u00e1rias da Uni\u00e3o. A Rede, segundo o \u00f3rg\u00e3o, vai exigir a capacita\u00e7\u00e3o, ainda neste ano, de 19 [&hellip;]<\/p>\n","protected":false},"author":27,"featured_media":0,"comment_status":"open","ping_status":"open","sticky":false,"template":"","format":"standard","meta":{"footnotes":""},"categories":[1],"tags":[],"class_list":["post-164","post","type-post","status-publish","format-standard","hentry","category-sem-categoria"],"_links":{"self":[{"href":"https:\/\/blogs.correiobraziliense.com.br\/servidor\/wp-json\/wp\/v2\/posts\/164","targetHints":{"allow":["GET"]}}],"collection":[{"href":"https:\/\/blogs.correiobraziliense.com.br\/servidor\/wp-json\/wp\/v2\/posts"}],"about":[{"href":"https:\/\/blogs.correiobraziliense.com.br\/servidor\/wp-json\/wp\/v2\/types\/post"}],"author":[{"embeddable":true,"href":"https:\/\/blogs.correiobraziliense.com.br\/servidor\/wp-json\/wp\/v2\/users\/27"}],"replies":[{"embeddable":true,"href":"https:\/\/blogs.correiobraziliense.com.br\/servidor\/wp-json\/wp\/v2\/comments?post=164"}],"version-history":[{"count":0,"href":"https:\/\/blogs.correiobraziliense.com.br\/servidor\/wp-json\/wp\/v2\/posts\/164\/revisions"}],"wp:attachment":[{"href":"https:\/\/blogs.correiobraziliense.com.br\/servidor\/wp-json\/wp\/v2\/media?parent=164"}],"wp:term":[{"taxonomy":"category","embeddable":true,"href":"https:\/\/blogs.correiobraziliense.com.br\/servidor\/wp-json\/wp\/v2\/categories?post=164"},{"taxonomy":"post_tag","embeddable":true,"href":"https:\/\/blogs.correiobraziliense.com.br\/servidor\/wp-json\/wp\/v2\/tags?post=164"}],"curies":[{"name":"wp","href":"https:\/\/api.w.org\/{rel}","templated":true}]}}