{"id":16393,"date":"2020-06-01T12:01:26","date_gmt":"2020-06-01T15:01:26","guid":{"rendered":"http:\/\/blogs.correiobraziliense.com.br\/servidor\/?p=16393"},"modified":"2020-06-01T12:01:26","modified_gmt":"2020-06-01T15:01:26","slug":"juizes-federais-contra-ataques-ao-stf-e-a-democracia","status":"publish","type":"post","link":"https:\/\/blogs.correiobraziliense.com.br\/servidor\/juizes-federais-contra-ataques-ao-stf-e-a-democracia\/","title":{"rendered":"Ju\u00edzes federais contra ataques ao STF e \u00e0 democracia"},"content":{"rendered":"<p><em><strong>Diversos magistrados que estiveram \u00e0 frente do Associa\u00e7\u00e3o Nacional dos Ju\u00edzes Federais (Ajufe)\u00a0assinam juntos uma nota contra as recentes manifesta\u00e7\u00f5es &#8211; consideradas autorit\u00e1rias e ideol\u00f3gicas &#8211; de ataque ao STF e ao Estado Democr\u00e1tico de Direito. No documento, eles alertam para a &#8220;necessidade de respeito \u00e0s decis\u00f5es judiciais, que podem ser discutidas pelos meios processuais cab\u00edveis, mas jamais desrespeitadas&#8221;<\/strong><\/em><\/p>\n<p>Veja a nota:<\/p>\n<p>&#8220;N\u00f3s, Presidente e ex-Presidentes da Associa\u00e7\u00e3o dos Ju\u00edzes Federais do Brasil &#8211; AJUFE, manifestamos profunda preocupa\u00e7\u00e3o com os constantes e crescentes ataques ao Supremo Tribunal Federal e ao Poder Judici\u00e1rio como um todo.<\/p>\n<p>Essas manifesta\u00e7\u00f5es, evidentemente autorit\u00e1rias e antidemocr\u00e1ticas, buscam dar indevido car\u00e1ter ideol\u00f3gico \u00e0 atua\u00e7\u00e3o jurisdicional e demonstram desprezo absoluto \u00e0 independ\u00eancia judicial, um dos principais pilares de sustenta\u00e7\u00e3o do Estado Democr\u00e1tico de Direito.<\/p>\n<p>O Supremo Tribunal Federal \u00e9 o guardi\u00e3o da Constitui\u00e7\u00e3o Federal e cabe ao Poder Judici\u00e1rio a miss\u00e3o constitucional de solucionar os conflitos que lhe s\u00e3o apresentados pelos cidad\u00e3os e empresas do Pa\u00eds. \u00c9 ele que zela pelo cumprimento, inclusive pelos outros Poderes, da Constitui\u00e7\u00e3o e das leis do Pa\u00eds.<\/p>\n<p>O cumprimento rigoroso das suas fun\u00e7\u00f5es constitucionalmente previstas n\u00e3o pode, em momento algum, ser considerado afronta a qualquer dos outros Poderes.<\/p>\n<p>Com base nessas considera\u00e7\u00f5es, tornamos p\u00fablico o alerta de necessidade de respeito \u00e0s decis\u00f5es judiciais, que podem ser discutidas pelos meios processuais cab\u00edveis, mas jamais desrespeitadas.<\/p>\n<p>O Poder Judici\u00e1rio n\u00e3o entra em confronto com outras institui\u00e7\u00f5es e \u00e9 sabedor que as For\u00e7as Armadas, composta de mulheres e homens honrados, s\u00e3o ciosas de que devem guardar obedi\u00eancia aos Poderes do Estado, cujas fun\u00e7\u00f5es devem ser exercidas absolutamente dentro do regime constitucional da autonomia e harmonia, ainda que no modelo de freios e contrapesos, a atua\u00e7\u00e3o leg\u00edtima de um deles acabe por evitar os desmandos de outro.<\/p>\n<p>Essa \u00e9 a l\u00f3gica que predomina em todos os regimes democr\u00e1ticos do mundo e deve ser respeitada tamb\u00e9m no Brasil, onde a Constitui\u00e7\u00e3o Federal estabelece o primado do regime democr\u00e1tico e do Estado de Direito.<\/p>\n<p>Bras\u00edlia, 31 de maio de 2020.<\/p>\n<p>Fernando Mendes<\/p>\n<p>Presidente da AJUFE (2018-2020)<\/p>\n<p>Edgard Bueno<\/p>\n<p>Presidente da AJUFE (1993-1994)<\/p>\n<p>Fernando Tourinho Neto<\/p>\n<p>Presidente da AJUFE (1998-2000)<\/p>\n<p>Fl\u00e1vio Dino<\/p>\n<p>Presidente da AJUFE (2000-2002)<\/p>\n<p>Paulo S\u00e9rgio Domingues<\/p>\n<p>Presidente da AJUFE (2002-2004)<\/p>\n<p>Jorge Maurique<\/p>\n<p>Presidente da AJUFE (2004-2006)<\/p>\n<p>Walter Nunes<\/p>\n<p>Presidente da AJUFE (2006-2008)<\/p>\n<p>Fernando Mattos<\/p>\n<p>Presidente da AJUFE (2008-2010)<\/p>\n<p>Gabriel Wedy<\/p>\n<p>Presidente da AJUFE (2010-2012)<\/p>\n<p>Nino Toldo<\/p>\n<p>Presidente da AJUFE ( 2012-2014 )&#8221;<\/p>\n","protected":false},"excerpt":{"rendered":"<p>Diversos magistrados que estiveram \u00e0 frente do Associa\u00e7\u00e3o Nacional dos Ju\u00edzes Federais (Ajufe)\u00a0assinam juntos uma nota contra as recentes manifesta\u00e7\u00f5es &#8211; consideradas autorit\u00e1rias e ideol\u00f3gicas &#8211; de ataque ao STF e ao Estado Democr\u00e1tico de Direito. No documento, eles alertam para a &#8220;necessidade de respeito \u00e0s decis\u00f5es judiciais, que podem ser discutidas pelos meios processuais cab\u00edveis, mas jamais desrespeitadas&#8221; Veja [&hellip;]<\/p>\n","protected":false},"author":89,"featured_media":0,"comment_status":"open","ping_status":"closed","sticky":false,"template":"","format":"standard","meta":{"footnotes":""},"categories":[2719],"tags":[17630,17631,17632,1864,4053,116,59,10769,263,2086,344,621,1734,1137,34],"class_list":["post-16393","post","type-post","status-publish","format-standard","hentry","category-servidor","tag-ajuge","tag-antidemocraticas","tag-autoritarias","tag-decisoes","tag-democracia","tag-direito","tag-federais","tag-ideologico","tag-independencia","tag-judiciais","tag-juizes","tag-magistrados","tag-manifestacoes","tag-poder-judiciario","tag-stf"],"_links":{"self":[{"href":"https:\/\/blogs.correiobraziliense.com.br\/servidor\/wp-json\/wp\/v2\/posts\/16393","targetHints":{"allow":["GET"]}}],"collection":[{"href":"https:\/\/blogs.correiobraziliense.com.br\/servidor\/wp-json\/wp\/v2\/posts"}],"about":[{"href":"https:\/\/blogs.correiobraziliense.com.br\/servidor\/wp-json\/wp\/v2\/types\/post"}],"author":[{"embeddable":true,"href":"https:\/\/blogs.correiobraziliense.com.br\/servidor\/wp-json\/wp\/v2\/users\/89"}],"replies":[{"embeddable":true,"href":"https:\/\/blogs.correiobraziliense.com.br\/servidor\/wp-json\/wp\/v2\/comments?post=16393"}],"version-history":[{"count":0,"href":"https:\/\/blogs.correiobraziliense.com.br\/servidor\/wp-json\/wp\/v2\/posts\/16393\/revisions"}],"wp:attachment":[{"href":"https:\/\/blogs.correiobraziliense.com.br\/servidor\/wp-json\/wp\/v2\/media?parent=16393"}],"wp:term":[{"taxonomy":"category","embeddable":true,"href":"https:\/\/blogs.correiobraziliense.com.br\/servidor\/wp-json\/wp\/v2\/categories?post=16393"},{"taxonomy":"post_tag","embeddable":true,"href":"https:\/\/blogs.correiobraziliense.com.br\/servidor\/wp-json\/wp\/v2\/tags?post=16393"}],"curies":[{"name":"wp","href":"https:\/\/api.w.org\/{rel}","templated":true}]}}