{"id":16386,"date":"2020-05-29T13:44:10","date_gmt":"2020-05-29T16:44:10","guid":{"rendered":"http:\/\/blogs.correiobraziliense.com.br\/servidor\/?p=16386"},"modified":"2020-05-29T13:44:10","modified_gmt":"2020-05-29T16:44:10","slug":"fenafisco-vai-tentar-frear-plp-39-2020-na-justica","status":"publish","type":"post","link":"https:\/\/blogs.correiobraziliense.com.br\/servidor\/fenafisco-vai-tentar-frear-plp-39-2020-na-justica\/","title":{"rendered":"Fenafisco vai tentar frear PLP 39\/2020 na Justi\u00e7a"},"content":{"rendered":"<p><em><strong>A Federa\u00e7\u00e3o Nacional do Fisco Estadual e Distrital (Fenafisco), com entidades parceiras, e at\u00e9 mesmo partidos, propor\u00e1 tr\u00eas A\u00e7\u00f5es Diretas de Inconstitucionalidade (ADIs) no Supremo Tribunal Federal (STF) para contestar dispositivos da lei de socorro a estados e munic\u00edpios<\/strong><\/em><\/p>\n<p>Por meio de nota, a entidade explica que a inten\u00e7\u00e3o \u00e9 questionar a suspens\u00e3o de aumento e congelamento de sal\u00e1rios de servidores, proibi\u00e7\u00e3o de concursos p\u00fablico e tamb\u00e9m questionar dados sobre o c\u00f4mputo dos adicionais de tempos de servi\u00e7o e de licen\u00e7as pr\u00eamio.<\/p>\n<p>Veja a nota:<\/p>\n<p>&#8220;O motivo principal das a\u00e7\u00f5es judiciais \u00e9 o fato de o presidente Jair Bolsonaro, a pedido do ministro Paulo Guedes, da Economia, ter suspendido o aumento de vencimentos de servidores municipais, estaduais e da Uni\u00e3o at\u00e9 o fim de 2021.<\/p>\n<p>As ADIs buscar\u00e3o questionar a veda\u00e7\u00e3o de concursos p\u00fablicos; o congelamento salarial; e debater a quest\u00e3o relacionada ao n\u00e3o c\u00f4mputo de adicionais de tempo e licen\u00e7as pr\u00eamio.<\/p>\n<p>Para a Fenafisco, a medida proposta no PLP 39\/2020 sedimenta uma narrativa que distorce a import\u00e2ncia do servi\u00e7o p\u00fablico, lan\u00e7ando indevidamente sobre ele o \u00f4nus pelo enfrentamento dos efeitos da pandemia do coronav\u00edrus na economia, sobretudo ao criar condicionantes para a ajuda financeira aos estados e munic\u00edpios.<\/p>\n<p>A atitude do Governo federal mostra, mais uma vez, o descaso com aqueles que s\u00e3o respons\u00e1veis pelo funcionamento do pa\u00eds em frentes diversas, como a sa\u00fade, a seguran\u00e7a e a arrecada\u00e7\u00e3o tribut\u00e1ria. Enquanto se preocupa em proteger os seus, deixa descobertas parcelas da popula\u00e7\u00e3o que precisam de apoio e prote\u00e7\u00e3o, principalmente durante esse per\u00edodo de pandemia que se estende a cada dia.<\/p>\n<p>Se antes a decis\u00e3o foi por n\u00f3s classificada como cruel e repugnante, s\u00f3 nos resta refor\u00e7ar essa opini\u00e3o, acrescentando que, al\u00e9m disso, \u00e9 desrespeitosa e inconsequente.<\/p>\n<p>Federa\u00e7\u00e3o Nacional do Fisco Estadual e Distrital (Fenafisco)&#8221;<\/p>\n","protected":false},"excerpt":{"rendered":"<p>A Federa\u00e7\u00e3o Nacional do Fisco Estadual e Distrital (Fenafisco), com entidades parceiras, e at\u00e9 mesmo partidos, propor\u00e1 tr\u00eas A\u00e7\u00f5es Diretas de Inconstitucionalidade (ADIs) no Supremo Tribunal Federal (STF) para contestar dispositivos da lei de socorro a estados e munic\u00edpios Por meio de nota, a entidade explica que a inten\u00e7\u00e3o \u00e9 questionar a suspens\u00e3o de aumento e congelamento de sal\u00e1rios de [&hellip;]<\/p>\n","protected":false},"author":89,"featured_media":0,"comment_status":"open","ping_status":"closed","sticky":false,"template":"","format":"standard","meta":{"footnotes":""},"categories":[2719],"tags":[5516,2484,75,23,6575,9504,943,4320,260,102,7979,944,3335,17455,63,30,58,3799,34,11105],"class_list":["post-16386","post","type-post","status-publish","format-standard","hentry","category-servidor","tag-adi","tag-adicionais","tag-aumento","tag-concursos","tag-congelamento","tag-contestar","tag-estados","tag-fenafisco","tag-justica","tag-lei","tag-licenca-premio","tag-municipios","tag-partidos","tag-pl-39-2020","tag-reajuste","tag-salarios","tag-servidores","tag-socorro","tag-stf","tag-tempos"],"_links":{"self":[{"href":"https:\/\/blogs.correiobraziliense.com.br\/servidor\/wp-json\/wp\/v2\/posts\/16386","targetHints":{"allow":["GET"]}}],"collection":[{"href":"https:\/\/blogs.correiobraziliense.com.br\/servidor\/wp-json\/wp\/v2\/posts"}],"about":[{"href":"https:\/\/blogs.correiobraziliense.com.br\/servidor\/wp-json\/wp\/v2\/types\/post"}],"author":[{"embeddable":true,"href":"https:\/\/blogs.correiobraziliense.com.br\/servidor\/wp-json\/wp\/v2\/users\/89"}],"replies":[{"embeddable":true,"href":"https:\/\/blogs.correiobraziliense.com.br\/servidor\/wp-json\/wp\/v2\/comments?post=16386"}],"version-history":[{"count":0,"href":"https:\/\/blogs.correiobraziliense.com.br\/servidor\/wp-json\/wp\/v2\/posts\/16386\/revisions"}],"wp:attachment":[{"href":"https:\/\/blogs.correiobraziliense.com.br\/servidor\/wp-json\/wp\/v2\/media?parent=16386"}],"wp:term":[{"taxonomy":"category","embeddable":true,"href":"https:\/\/blogs.correiobraziliense.com.br\/servidor\/wp-json\/wp\/v2\/categories?post=16386"},{"taxonomy":"post_tag","embeddable":true,"href":"https:\/\/blogs.correiobraziliense.com.br\/servidor\/wp-json\/wp\/v2\/tags?post=16386"}],"curies":[{"name":"wp","href":"https:\/\/api.w.org\/{rel}","templated":true}]}}