{"id":16380,"date":"2020-05-28T19:13:30","date_gmt":"2020-05-28T22:13:30","guid":{"rendered":"http:\/\/blogs.correiobraziliense.com.br\/servidor\/?p=16380"},"modified":"2020-05-28T19:13:30","modified_gmt":"2020-05-28T22:13:30","slug":"frente-luta-para-derrubar-vetos-de-bolsonaro","status":"publish","type":"post","link":"https:\/\/blogs.correiobraziliense.com.br\/servidor\/frente-luta-para-derrubar-vetos-de-bolsonaro\/","title":{"rendered":"Frente luta para derrubar vetos de Bolsonaro"},"content":{"rendered":"<p><em><strong>Coordenada pelo deputado Professor Israel Batista (PV-DF), a Frente Parlamentar Mista em Defesa do Servi\u00e7o P\u00fablico articula os bastidores do Congresso para reunir apoio de parlamentares para derrubar os vetos do presidente<\/strong><\/em><\/p>\n<p>Publicados nesta quinta (28), os vetos recolocam servidores das \u00e1reas de sa\u00fade, seguran\u00e7a e educa\u00e7\u00e3o no congelamento de sal\u00e1rios, reajustes, promo\u00e7\u00f5es e nomea\u00e7\u00f5es at\u00e9 dezembro de 2021. Al\u00e9m de cancelar a suspens\u00e3o do prazo dos concursos.\u00a0Logo na primeira vota\u00e7\u00e3o do texto, os senadores exclu\u00edram do congelamento as \u00e1reas de seguran\u00e7a e sa\u00fade.<\/p>\n<p>A inclus\u00e3o dos profissionais de educa\u00e7\u00e3o foi uma conquista da C\u00e2mara dos Deputados, com placar de 287 votos a favor e 179 contra, mantida pelo Senado na aprova\u00e7\u00e3o final. Agora, a Frente se mobiliza para que a decis\u00e3o do Congresso tenha validade e os vetos sejam derrubados.<\/p>\n","protected":false},"excerpt":{"rendered":"<p>Coordenada pelo deputado Professor Israel Batista (PV-DF), a Frente Parlamentar Mista em Defesa do Servi\u00e7o P\u00fablico articula os bastidores do Congresso para reunir apoio de parlamentares para derrubar os vetos do presidente Publicados nesta quinta (28), os vetos recolocam servidores das \u00e1reas de sa\u00fade, seguran\u00e7a e educa\u00e7\u00e3o no congelamento de sal\u00e1rios, reajustes, promo\u00e7\u00f5es e nomea\u00e7\u00f5es at\u00e9 dezembro de 2021. Al\u00e9m [&hellip;]<\/p>\n","protected":false},"author":89,"featured_media":0,"comment_status":"open","ping_status":"closed","sticky":false,"template":"","format":"standard","meta":{"footnotes":""},"categories":[2719],"tags":[3251,1531,23,6575,100,48,14768,122,268,5166,6182,690,30,616,208,3319,2787,1498],"class_list":["post-16380","post","type-post","status-publish","format-standard","hentry","category-servidor","tag-bastidores","tag-camara-dos-deputados","tag-concursos","tag-congelamento","tag-congresso","tag-educacao","tag-frente-parlamentar-mista-em-defesa-do-servico-publico","tag-nomeacoes","tag-parlamentares","tag-presidente-da-republica","tag-promocoes","tag-reajustes","tag-salarios","tag-saude","tag-seguranca","tag-senado-federal","tag-veto","tag-votacao"],"_links":{"self":[{"href":"https:\/\/blogs.correiobraziliense.com.br\/servidor\/wp-json\/wp\/v2\/posts\/16380","targetHints":{"allow":["GET"]}}],"collection":[{"href":"https:\/\/blogs.correiobraziliense.com.br\/servidor\/wp-json\/wp\/v2\/posts"}],"about":[{"href":"https:\/\/blogs.correiobraziliense.com.br\/servidor\/wp-json\/wp\/v2\/types\/post"}],"author":[{"embeddable":true,"href":"https:\/\/blogs.correiobraziliense.com.br\/servidor\/wp-json\/wp\/v2\/users\/89"}],"replies":[{"embeddable":true,"href":"https:\/\/blogs.correiobraziliense.com.br\/servidor\/wp-json\/wp\/v2\/comments?post=16380"}],"version-history":[{"count":0,"href":"https:\/\/blogs.correiobraziliense.com.br\/servidor\/wp-json\/wp\/v2\/posts\/16380\/revisions"}],"wp:attachment":[{"href":"https:\/\/blogs.correiobraziliense.com.br\/servidor\/wp-json\/wp\/v2\/media?parent=16380"}],"wp:term":[{"taxonomy":"category","embeddable":true,"href":"https:\/\/blogs.correiobraziliense.com.br\/servidor\/wp-json\/wp\/v2\/categories?post=16380"},{"taxonomy":"post_tag","embeddable":true,"href":"https:\/\/blogs.correiobraziliense.com.br\/servidor\/wp-json\/wp\/v2\/tags?post=16380"}],"curies":[{"name":"wp","href":"https:\/\/api.w.org\/{rel}","templated":true}]}}