{"id":16364,"date":"2020-05-27T18:09:03","date_gmt":"2020-05-27T21:09:03","guid":{"rendered":"http:\/\/blogs.correiobraziliense.com.br\/servidor\/?p=16364"},"modified":"2020-05-27T18:09:03","modified_gmt":"2020-05-27T21:09:03","slug":"protesto-cobra-acoes-contra-violencia-a-mulher-durante-a-pandemia","status":"publish","type":"post","link":"https:\/\/blogs.correiobraziliense.com.br\/servidor\/protesto-cobra-acoes-contra-violencia-a-mulher-durante-a-pandemia\/","title":{"rendered":"Protesto cobra a\u00e7\u00f5es contra viol\u00eancia \u00e0 mulher durante a pandemia"},"content":{"rendered":"<p><em><strong>Nesta sexta-feira (29 de maio), \u00e0s 10 horas, no Anexo do Pal\u00e1cio do Buriti, haver\u00e1 ato p\u00fablico em defesa da vida das mulheres. O protesto, com medidas de distanciamento entre os manifestantes, cobra abertura de novas unidades de atendimento \u00e0s v\u00edtimas<\/strong><\/em><\/p>\n<p>O protesto tem o objetivo tamb\u00e9m de chamar a aten\u00e7\u00e3o da sociedade e da classe pol\u00edtica para o aumento dos casos de viol\u00eancia dom\u00e9stica durante o per\u00edodo de isolamento social imposto pela pandemia da Covid-19. O ato, do Sindicato dos Servidores da Assist\u00eancia Social e Cultural do GDF (Sindsasc), reivindica mais equipamentos p\u00fablicos para atender e orientar mulheres v\u00edtimas de viol\u00eancia.<\/p>\n<p>A pauta principal \u00e9 o fortalecimento do atendimento \u00e0 mulher e a abertura de novas unidades como os Centros Especializados de Atendimento \u00e0 Mulher (Ceam) e N\u00facleos de Atendimento \u00e0s Fam\u00edlias e aos Autores de Viol\u00eancia Dom\u00e9stica (Nafavd), al\u00e9m da reabertura da Casa da Mulher Brasileira, fechada desde 2018.<\/p>\n<p>&#8220;N\u00f3s que trabalhamos na assist\u00eancia social observamos o aumento dos casos de viol\u00eancia contra a mulher. O servi\u00e7o de atendimento tem sido precarizado e mostra descaso do governo do Distrito Federal com a vida das mulheres. Com o isolamento social, a quest\u00e3o se torna ainda mais urgente\u201d, ressalta Camila In\u00e1cio, diretora do sindicato.<\/p>\n<p>O Sindsasc refor\u00e7a que, para que esses equipamentos sejam criados \u00e9 necess\u00e1ria a contrata\u00e7\u00e3o de mais servidores em pastas como a Secretaria da Mulher e a Secretaria de Desenvolvimento Social do DF. \u201cTemos um certame em fase de encerramento, mas n\u00e3o temos visto, por parte da Sedes, movimenta\u00e7\u00e3o para que o que est\u00e1 previsto na Lei de Diretrizes Or\u00e7ament\u00e1rias [LDO] se converta em novas contrata\u00e7\u00f5es\u201d, cobra o presidente do Sindsasc, Clayton Avelar.<\/p>\n<p>\u201cH\u00e1 um alerta para o crescimento da viol\u00eancia contra a mulher durante a pandemia. Uma forma de minimizar o problema \u00e9 fortalecer a pol\u00edtica p\u00fablica de prote\u00e7\u00e3o a mulher e criar novos equipamentos na estrutura da Secretaria da Mulher do DF\u201d, avalia o presidente da entidade.<\/p>\n","protected":false},"excerpt":{"rendered":"<p>Nesta sexta-feira (29 de maio), \u00e0s 10 horas, no Anexo do Pal\u00e1cio do Buriti, haver\u00e1 ato p\u00fablico em defesa da vida das mulheres. O protesto, com medidas de distanciamento entre os manifestantes, cobra abertura de novas unidades de atendimento \u00e0s v\u00edtimas O protesto tem o objetivo tamb\u00e9m de chamar a aten\u00e7\u00e3o da sociedade e da classe pol\u00edtica para o aumento [&hellip;]<\/p>\n","protected":false},"author":89,"featured_media":0,"comment_status":"open","ping_status":"closed","sticky":false,"template":"","format":"standard","meta":{"footnotes":""},"categories":[2719],"tags":[203,14783,5092,3716,17621,718,24,11776,514,4427,5510],"class_list":["post-16364","post","type-post","status-publish","format-standard","hentry","category-servidor","tag-acoes","tag-ceam","tag-equipamentos","tag-mulher","tag-nafavd","tag-protesto","tag-publicos","tag-sindsasc","tag-unidades","tag-violencia","tag-vitimas"],"_links":{"self":[{"href":"https:\/\/blogs.correiobraziliense.com.br\/servidor\/wp-json\/wp\/v2\/posts\/16364","targetHints":{"allow":["GET"]}}],"collection":[{"href":"https:\/\/blogs.correiobraziliense.com.br\/servidor\/wp-json\/wp\/v2\/posts"}],"about":[{"href":"https:\/\/blogs.correiobraziliense.com.br\/servidor\/wp-json\/wp\/v2\/types\/post"}],"author":[{"embeddable":true,"href":"https:\/\/blogs.correiobraziliense.com.br\/servidor\/wp-json\/wp\/v2\/users\/89"}],"replies":[{"embeddable":true,"href":"https:\/\/blogs.correiobraziliense.com.br\/servidor\/wp-json\/wp\/v2\/comments?post=16364"}],"version-history":[{"count":0,"href":"https:\/\/blogs.correiobraziliense.com.br\/servidor\/wp-json\/wp\/v2\/posts\/16364\/revisions"}],"wp:attachment":[{"href":"https:\/\/blogs.correiobraziliense.com.br\/servidor\/wp-json\/wp\/v2\/media?parent=16364"}],"wp:term":[{"taxonomy":"category","embeddable":true,"href":"https:\/\/blogs.correiobraziliense.com.br\/servidor\/wp-json\/wp\/v2\/categories?post=16364"},{"taxonomy":"post_tag","embeddable":true,"href":"https:\/\/blogs.correiobraziliense.com.br\/servidor\/wp-json\/wp\/v2\/tags?post=16364"}],"curies":[{"name":"wp","href":"https:\/\/api.w.org\/{rel}","templated":true}]}}