{"id":16357,"date":"2020-05-26T21:07:40","date_gmt":"2020-05-27T00:07:40","guid":{"rendered":"http:\/\/blogs.correiobraziliense.com.br\/servidor\/?p=16357"},"modified":"2020-05-26T21:07:40","modified_gmt":"2020-05-27T00:07:40","slug":"guedes-tera-que-explicar-a-justica-porque-chamou-servidores-de-parasitas","status":"publish","type":"post","link":"https:\/\/blogs.correiobraziliense.com.br\/servidor\/guedes-tera-que-explicar-a-justica-porque-chamou-servidores-de-parasitas\/","title":{"rendered":"Guedes ter\u00e1 que explicar \u00e0 Justi\u00e7a porque chamou servidores de \u201cparasitas\u201d"},"content":{"rendered":"<p><em><strong>A\u00e7\u00e3o impetrada pela Fenajud, em fevereiro deste ano, cobra explica\u00e7\u00f5es do chefe da pasta de Economia do governo de Jair Bolsonaro. Prazo para resposta ser\u00e1 de 15 dias a contar da data de intima\u00e7\u00e3o<\/strong><\/em><\/p>\n<p>Em fevereiro deste ano o ministro da Economia, Paulo Guedes, ofendeu servidores e servidoras p\u00fablicas ao cham\u00e1-los(as) de \u201cparasitas\u201d durante Semin\u00e1rio do Pacto Federativo, da Funda\u00e7\u00e3o Getulio Vargas (FGV). A declara\u00e7\u00e3o levou a Federa\u00e7\u00e3o Nacional dos Trabalhadores do Judici\u00e1rio nos Estados (Fenajud) a protocolar um processo na 21\u00aa Vara C\u00edvel de Bras\u00edlia, para convocar o ministro a prestar esclarecimentos.<\/p>\n<p>Nesta semana, uma decis\u00e3o judicial, a primeira sobre o tema, foi favor\u00e1vel \u00e0 entidade intima. O ministro ter\u00e1 que dar explica\u00e7\u00f5es sobre sua fala, destaca a Fenajud. O prazo estipulado para resposta \u00e9 de 15 dias a partir do recebimento da intima\u00e7\u00e3o. A Federa\u00e7\u00e3o alerta que ap\u00f3s manifesta\u00e7\u00e3o oficial do ministro dar\u00e1 continuidade aos desdobramentos da a\u00e7\u00e3o.<\/p>\n<p>\u201cDefiro a interpela\u00e7\u00e3o, como requerido. Expe\u00e7a-se mandado de cita\u00e7\u00e3o para que a parte requerida tenha ci\u00eancia do presente procedimento e preste as informa\u00e7\u00f5es que julgar pertinentes. Cumprido o mandado, aguarde-se o prazo de 15 dias. Vindo aos autos declara\u00e7\u00f5es ou documentos juntados pela parte requerida, d\u00ea-se vista ao autor por 15 dias\u201d, diz o magistrado em decis\u00e3o proferida em 22 de maio.<\/p>\n<p>Para a entidade, o ministro do governo de Jair Bolsonaro passou de todos os limites quando fez ofensas aos trabalhadores do servi\u00e7o p\u00fablico brasileiro ao proferir a seguinte frase: \u201cO funcionalismo teve aumento de 50% acima da infla\u00e7\u00e3o acima da infla\u00e7\u00e3o, tem estabilidade de emprego, tem aposentadoria generosa, tem tudo. O hospedeiro est\u00e1 morrendo. O cara virou um parasita, o dinheiro n\u00e3o chega no povo e ele quer aumento autom\u00e1tico. N\u00e3o d\u00e1 mais, a popula\u00e7\u00e3o n\u00e3o quer isso\u201d, afirmou o ministro.<\/p>\n<p>Conforme a argumenta\u00e7\u00e3o da Federa\u00e7\u00e3o, \u201co interpelado [ministro] ao longo do \u00faltimo ano, vem fazendo coment\u00e1rios desagrad\u00e1veis referente aos servidores p\u00fablicos do Estado brasileiro. Esse insiste em insinuar que o d\u00e9ficit do or\u00e7amento da Uni\u00e3o \u00e9 por culpa exclusiva dos servidores p\u00fablicos e demais membros da sociedade brasileira como os aposentados. Frisa-se que o ministro em nenhum momento questiona o governo quanto ao pagamento dos juros da d\u00edvida p\u00fablica para meia d\u00fazia de banqueiros que n\u00e3o produzem nada para o desenvolvimento do pa\u00eds como na\u00e7\u00e3o\u201d.<\/p>\n<p>Desse modo, a a\u00e7\u00e3o cobra esclarecimentos acerca de pontos espec\u00edficos de manifesta\u00e7\u00e3o do Ministro que, por interm\u00e9dio de refer\u00eancias, alus\u00f5es ou frases pode fazer surgir d\u00favidas acerca do car\u00e1ter il\u00edcito e danoso.<\/p>\n<p><strong>\u201cInimigos\u201d<\/strong><\/p>\n<p>O fato promovido pelo ministro da Economia, Paulo Guedes, em fevereiro, n\u00e3o \u00e9 isolado. Ele chegou a afirmar na fat\u00eddica reuni\u00e3o ministerial de 22 de abril que a suspens\u00e3o dos reajustes salariais de servidores p\u00fablicos por dois anos foi uma \u201cgranada\u201d colocada pelo governo Jair Bolsonaro \u201cno bolso do inimigo\u201d.<\/p>\n<p>\u201cTodo mundo est\u00e1 achando que, t\u00e3o distra\u00eddos, abra\u00e7aram a gente, enrolaram com a gente. N\u00f3s j\u00e1 botamos a granada no bolso do inimigo \u2013 dois anos sem aumento de sal\u00e1rio\u201d, afirmou Guedes na reuni\u00e3o, cujo o v\u00eddeo foi divulgado na \u00faltima sexta (22) por ordem do ministro Celso de Mello, do Supremo Tribunal Federal, em inqu\u00e9rito que investiga a interfer\u00eancia do presidente Jair Bolsonaro na Pol\u00edcia Federal.<\/p>\n<p>Na ocasi\u00e3o Guedes comemorava ter conseguido aproveitar a crise do coronav\u00edrus para congelar sal\u00e1rios, mais uma a\u00e7\u00e3o prevista no pacote de maldades do governo.<\/p>\n<p>Conforme j\u00e1 dito pela Federa\u00e7\u00e3o, a falta de respeito atravessa todas as classes sociais e, principalmente, a classe trabalhadora, tanto da iniciativa privada quanto do servi\u00e7o p\u00fablico. Desse modo, a Fenajud j\u00e1 prepara outras medidas judiciais e administrativas em desfavor do ministro por outras declara\u00e7\u00f5es que atacam a imagem e hora dos servidores.<\/p>\n<p>&nbsp;<\/p>\n","protected":false},"excerpt":{"rendered":"<p>A\u00e7\u00e3o impetrada pela Fenajud, em fevereiro deste ano, cobra explica\u00e7\u00f5es do chefe da pasta de Economia do governo de Jair Bolsonaro. Prazo para resposta ser\u00e1 de 15 dias a contar da data de intima\u00e7\u00e3o Em fevereiro deste ano o ministro da Economia, Paulo Guedes, ofendeu servidores e servidoras p\u00fablicas ao cham\u00e1-los(as) de \u201cparasitas\u201d durante Semin\u00e1rio do Pacto Federativo, da Funda\u00e7\u00e3o [&hellip;]<\/p>\n","protected":false},"author":89,"featured_media":0,"comment_status":"open","ping_status":"closed","sticky":false,"template":"","format":"standard","meta":{"footnotes":""},"categories":[2719],"tags":[2726,1341,17618,561,13356,17619,13649,15187,16960,14501,1157,24,1492,267,58],"class_list":["post-16357","post","type-post","status-publish","format-standard","hentry","category-servidor","tag-fgv","tag-funcionarios","tag-granada","tag-informacoes","tag-inimigos","tag-intimacoao","tag-jair-bolsonaro","tag-ministro-da-economia","tag-parasitas","tag-paulo-guedes","tag-processo","tag-publicos","tag-resposta","tag-seminario","tag-servidores"],"_links":{"self":[{"href":"https:\/\/blogs.correiobraziliense.com.br\/servidor\/wp-json\/wp\/v2\/posts\/16357","targetHints":{"allow":["GET"]}}],"collection":[{"href":"https:\/\/blogs.correiobraziliense.com.br\/servidor\/wp-json\/wp\/v2\/posts"}],"about":[{"href":"https:\/\/blogs.correiobraziliense.com.br\/servidor\/wp-json\/wp\/v2\/types\/post"}],"author":[{"embeddable":true,"href":"https:\/\/blogs.correiobraziliense.com.br\/servidor\/wp-json\/wp\/v2\/users\/89"}],"replies":[{"embeddable":true,"href":"https:\/\/blogs.correiobraziliense.com.br\/servidor\/wp-json\/wp\/v2\/comments?post=16357"}],"version-history":[{"count":0,"href":"https:\/\/blogs.correiobraziliense.com.br\/servidor\/wp-json\/wp\/v2\/posts\/16357\/revisions"}],"wp:attachment":[{"href":"https:\/\/blogs.correiobraziliense.com.br\/servidor\/wp-json\/wp\/v2\/media?parent=16357"}],"wp:term":[{"taxonomy":"category","embeddable":true,"href":"https:\/\/blogs.correiobraziliense.com.br\/servidor\/wp-json\/wp\/v2\/categories?post=16357"},{"taxonomy":"post_tag","embeddable":true,"href":"https:\/\/blogs.correiobraziliense.com.br\/servidor\/wp-json\/wp\/v2\/tags?post=16357"}],"curies":[{"name":"wp","href":"https:\/\/api.w.org\/{rel}","templated":true}]}}