{"id":16344,"date":"2020-05-26T16:57:46","date_gmt":"2020-05-26T19:57:46","guid":{"rendered":"http:\/\/blogs.correiobraziliense.com.br\/servidor\/?p=16344"},"modified":"2020-05-26T16:57:46","modified_gmt":"2020-05-26T19:57:46","slug":"presidente-da-fundacao-palmares-dara-selo-nao-racista-para-difamados-pela-esquerda","status":"publish","type":"post","link":"https:\/\/blogs.correiobraziliense.com.br\/servidor\/presidente-da-fundacao-palmares-dara-selo-nao-racista-para-difamados-pela-esquerda\/","title":{"rendered":"Presidente da Funda\u00e7\u00e3o Palmares dar\u00e1 selo &#8220;n\u00e3o-racista&#8221; para &#8220;difamados pela esquerda&#8221;"},"content":{"rendered":"<p><em><strong>Pelas redes sociais, o presidente da Funda\u00e7\u00e3o Palmares, S\u00e9rgio Camargo, que j\u00e1 anunciou que o Dia de Zumbi n\u00e3o deveria ser feriado, anunciou que a entidade vai criar um novo selo para aqueles que &#8220;injusta e criminosamente s\u00e3o tachados de racistas pela esquerda vitimista, com o apoio da m\u00eddia, artistas e intelectuais&#8221;<\/strong><\/em><\/p>\n<p>At\u00e9 o fim desta semana, diz Camargo, ser\u00e1 divulgado o primeiro &#8220;agraciado&#8221;, que, de acordo com a an\u00e1lise dele, trata-se de &#8220;um c\u00e9lebre injusti\u00e7ado, que todos n\u00f3s admiramos&#8221;. Outros vir\u00e3o na sequ\u00eancia, avisa o presidente da Funda\u00e7\u00e3o Palmares.<\/p>\n<p><a href=\"https:\/\/blogs.correiobraziliense.com.br\/servidor\/wp-content\/uploads\/sites\/10\/2020\/05\/naoracista-1.jpg\"><img loading=\"lazy\" decoding=\"async\" class=\"aligncenter size-full wp-image-16348\" src=\"https:\/\/blogs.correiobraziliense.com.br\/servidor\/wp-content\/uploads\/sites\/10\/2020\/05\/naoracista-1.jpg\" alt=\"\" width=\"748\" height=\"314\" srcset=\"https:\/\/blogs.correiobraziliense.com.br\/servidor\/wp-content\/uploads\/sites\/10\/2020\/05\/naoracista-1.jpg 748w, https:\/\/blogs.correiobraziliense.com.br\/servidor\/wp-content\/uploads\/sites\/10\/2020\/05\/naoracista-1-300x126.jpg 300w, https:\/\/blogs.correiobraziliense.com.br\/servidor\/wp-content\/uploads\/sites\/10\/2020\/05\/naoracista-1-550x231.jpg 550w, https:\/\/blogs.correiobraziliense.com.br\/servidor\/wp-content\/uploads\/sites\/10\/2020\/05\/naoracista-1-230x97.jpg 230w\" sizes=\"auto, (max-width: 748px) 100vw, 748px\" \/><\/a><\/p>\n","protected":false},"excerpt":{"rendered":"<p>Pelas redes sociais, o presidente da Funda\u00e7\u00e3o Palmares, S\u00e9rgio Camargo, que j\u00e1 anunciou que o Dia de Zumbi n\u00e3o deveria ser feriado, anunciou que a entidade vai criar um novo selo para aqueles que &#8220;injusta e criminosamente s\u00e3o tachados de racistas pela esquerda vitimista, com o apoio da m\u00eddia, artistas e intelectuais&#8221; At\u00e9 o fim desta semana, diz Camargo, ser\u00e1 [&hellip;]<\/p>\n","protected":false},"author":89,"featured_media":16350,"comment_status":"open","ping_status":"closed","sticky":false,"template":"","format":"standard","meta":{"footnotes":""},"categories":[2719],"tags":[17612,1925,12123,1823,17148,17613,11213,6910,17614,484],"class_list":["post-16344","post","type-post","status-publish","format-standard","has-post-thumbnail","hentry","category-servidor","tag-agraciado","tag-artistas","tag-esquerda","tag-feriado","tag-fundacao-palmares","tag-injusticado","tag-intelectuais","tag-midia","tag-nao-racista","tag-selo"],"_links":{"self":[{"href":"https:\/\/blogs.correiobraziliense.com.br\/servidor\/wp-json\/wp\/v2\/posts\/16344","targetHints":{"allow":["GET"]}}],"collection":[{"href":"https:\/\/blogs.correiobraziliense.com.br\/servidor\/wp-json\/wp\/v2\/posts"}],"about":[{"href":"https:\/\/blogs.correiobraziliense.com.br\/servidor\/wp-json\/wp\/v2\/types\/post"}],"author":[{"embeddable":true,"href":"https:\/\/blogs.correiobraziliense.com.br\/servidor\/wp-json\/wp\/v2\/users\/89"}],"replies":[{"embeddable":true,"href":"https:\/\/blogs.correiobraziliense.com.br\/servidor\/wp-json\/wp\/v2\/comments?post=16344"}],"version-history":[{"count":0,"href":"https:\/\/blogs.correiobraziliense.com.br\/servidor\/wp-json\/wp\/v2\/posts\/16344\/revisions"}],"wp:featuredmedia":[{"embeddable":true,"href":"https:\/\/blogs.correiobraziliense.com.br\/servidor\/wp-json\/wp\/v2\/media\/16350"}],"wp:attachment":[{"href":"https:\/\/blogs.correiobraziliense.com.br\/servidor\/wp-json\/wp\/v2\/media?parent=16344"}],"wp:term":[{"taxonomy":"category","embeddable":true,"href":"https:\/\/blogs.correiobraziliense.com.br\/servidor\/wp-json\/wp\/v2\/categories?post=16344"},{"taxonomy":"post_tag","embeddable":true,"href":"https:\/\/blogs.correiobraziliense.com.br\/servidor\/wp-json\/wp\/v2\/tags?post=16344"}],"curies":[{"name":"wp","href":"https:\/\/api.w.org\/{rel}","templated":true}]}}