{"id":16341,"date":"2020-05-26T16:24:33","date_gmt":"2020-05-26T19:24:33","guid":{"rendered":"http:\/\/blogs.correiobraziliense.com.br\/servidor\/?p=16341"},"modified":"2020-05-26T16:24:33","modified_gmt":"2020-05-26T19:24:33","slug":"retornar-ao-trabalho-presencial-na-esplanada-e-desprezar-a-ciencia","status":"publish","type":"post","link":"https:\/\/blogs.correiobraziliense.com.br\/servidor\/retornar-ao-trabalho-presencial-na-esplanada-e-desprezar-a-ciencia\/","title":{"rendered":"Retornar ao trabalho presencial na Esplanada \u00e9 desprezar a ci\u00eancia"},"content":{"rendered":"<p><em><strong>&#8220;Estamos no momento da s\u00e9rie hist\u00f3rica com maior n\u00famero de casos e, portanto, de risco ampliado da taxa de cont\u00e1gio. Ao mesmo tempo, temos visto a cada dia aumentar a press\u00e3o pela abertura da economia e pelo retorno \u00e0 normalidade&#8221;<\/strong><\/em><\/p>\n<p><em><strong>Rog\u00e9rio da Veiga*<\/strong><\/em><\/p>\n<p><span style=\"font-weight: 400\">O Distrito Federal foi uma das primeiras Unidades da Federa\u00e7\u00e3o a adotar medidas de distanciamento social contra o avan\u00e7o da Covid-19, tendo conseguido conter de maneira substancial o avan\u00e7o da pandemia. Ainda assim, o n\u00famero de casos e \u00f3bitos no DF continua crescente.\u00a0<\/span><\/p>\n<p><span style=\"font-weight: 400\">Os dados apontam que \u00e9 preciso cautela e planejamento para a retomada das atividades n\u00e3o essenciais. Estamos no momento da s\u00e9rie hist\u00f3rica com maior n\u00famero de casos e, portanto, de risco ampliado da taxa de cont\u00e1gio. Ao mesmo tempo, temos visto a cada dia aumentar a press\u00e3o pela abertura da economia e pelo retorno \u00e0 normalidade.\u00a0<\/span><\/p>\n<p><span style=\"font-weight: 400\">Ap\u00f3s dois meses, os servidores p\u00fablicos cujas atividades permitem o teletrabalho desenvolveram mecanismos e rotinas de trabalho de casa, de forma a manter as entregas e resultados. A obriga\u00e7\u00e3o que as pessoas passem a trabalhar nos espa\u00e7os compartilhados tradicionais, nas reparti\u00e7\u00f5es, dada por uma decis\u00e3o pol\u00edtica, sem considerar a situa\u00e7\u00e3o da pandemia no DF e a estrat\u00e9gia da equipe de sa\u00fade do Governo do Distrito Federal para proteger a popula\u00e7\u00e3o de Bras\u00edlia, acaba por colocar em risco os servidores p\u00fablicos, seus familiares e, portanto, toda a popula\u00e7\u00e3o do DF, que ficar\u00e1 mais exposta ao coronav\u00edrus com o aumento na circula\u00e7\u00e3o de milhares de pessoas.<\/span><\/p>\n<p><span style=\"font-weight: 400\">O sucesso das medidas de conten\u00e7\u00e3o do coronav\u00edrus passa necessariamente pelo setor p\u00fablico: s\u00e3o 300 mil servidores p\u00fablicos, do governo federal ou distrital, o que representa 21% dos assalariados de Bras\u00edlia. Se considerarmos os trabalhadores terceirizados dos \u00f3rg\u00e3os p\u00fablicos, esse n\u00famero \u00e9 ainda maior.\u00a0<\/span><\/p>\n<p><span style=\"font-weight: 400\">\u00c9 dever da administra\u00e7\u00e3o p\u00fablica fazer uma an\u00e1lise criteriosa de quais \u00e1reas demandam o trabalho presencial, que n\u00e3o podem ser realizadas de maneira remota e por qu\u00ea. O trabalho remoto \u00e9 uma realidade em todo o mundo devido \u00e0 quarentena e essas pr\u00e1ticas precisam ser avaliadas para a tomada de decis\u00e3o.\u00a0<\/span><\/p>\n<p><span style=\"font-weight: 400\">A hora \u00e9 de solidariedade. Quem tiver condi\u00e7\u00f5es de trabalhar remotamente, contribuindo para o isolamento social, deve faz\u00ea-lo, n\u00e3o apenas para sua pr\u00f3pria prote\u00e7\u00e3o, mas tamb\u00e9m para redu\u00e7\u00e3o dos riscos de quem n\u00e3o tem outra op\u00e7\u00e3o. Infelizmente, a pandemia do coronav\u00edrus n\u00e3o acabou e o governo federal n\u00e3o pode ignorar essa realidade.\u00a0<\/span><\/p>\n<p><span style=\"font-weight: 400\">N\u00e3o se pode ignorar as recomenda\u00e7\u00f5es dos epidemiologistas e as experi\u00eancias bem sucedidas de trabalho remoto. A pandemia j\u00e1 matou mais de 23 mil pessoas no Brasil e estamos chegando pr\u00f3ximos aos 7 mil casos no Distrito Federal. Nesse cen\u00e1rio, n\u00e3o \u00e9 razo\u00e1vel obrigar as pessoas irem para os escrit\u00f3rios por uma raz\u00e3o meramente pol\u00edtica.\u00a0<\/span><\/p>\n<p><span style=\"font-weight: 400\"><em>*Rog\u00e9rio da Veiga<\/em> &#8211; Vice-presidente da Anesp, especialista em pol\u00edticas p\u00fablicas e gest\u00e3o governamental.\u00a0<\/span><\/p>\n","protected":false},"excerpt":{"rendered":"<p>&#8220;Estamos no momento da s\u00e9rie hist\u00f3rica com maior n\u00famero de casos e, portanto, de risco ampliado da taxa de cont\u00e1gio. Ao mesmo tempo, temos visto a cada dia aumentar a press\u00e3o pela abertura da economia e pelo retorno \u00e0 normalidade&#8221; Rog\u00e9rio da Veiga* O Distrito Federal foi uma das primeiras Unidades da Federa\u00e7\u00e3o a adotar medidas de distanciamento social contra [&hellip;]<\/p>\n","protected":false},"author":89,"featured_media":0,"comment_status":"open","ping_status":"closed","sticky":false,"template":"","format":"standard","meta":{"footnotes":""},"categories":[2719],"tags":[17245,16896,17256,88,880,1788,7472,1212,58,261],"class_list":["post-16341","post","type-post","status-publish","format-standard","hentry","category-servidor","tag-contagio","tag-coronavirus","tag-covid-19","tag-economia","tag-normalidade","tag-presencial","tag-remoto","tag-risco","tag-servidores","tag-trabalho"],"_links":{"self":[{"href":"https:\/\/blogs.correiobraziliense.com.br\/servidor\/wp-json\/wp\/v2\/posts\/16341","targetHints":{"allow":["GET"]}}],"collection":[{"href":"https:\/\/blogs.correiobraziliense.com.br\/servidor\/wp-json\/wp\/v2\/posts"}],"about":[{"href":"https:\/\/blogs.correiobraziliense.com.br\/servidor\/wp-json\/wp\/v2\/types\/post"}],"author":[{"embeddable":true,"href":"https:\/\/blogs.correiobraziliense.com.br\/servidor\/wp-json\/wp\/v2\/users\/89"}],"replies":[{"embeddable":true,"href":"https:\/\/blogs.correiobraziliense.com.br\/servidor\/wp-json\/wp\/v2\/comments?post=16341"}],"version-history":[{"count":0,"href":"https:\/\/blogs.correiobraziliense.com.br\/servidor\/wp-json\/wp\/v2\/posts\/16341\/revisions"}],"wp:attachment":[{"href":"https:\/\/blogs.correiobraziliense.com.br\/servidor\/wp-json\/wp\/v2\/media?parent=16341"}],"wp:term":[{"taxonomy":"category","embeddable":true,"href":"https:\/\/blogs.correiobraziliense.com.br\/servidor\/wp-json\/wp\/v2\/categories?post=16341"},{"taxonomy":"post_tag","embeddable":true,"href":"https:\/\/blogs.correiobraziliense.com.br\/servidor\/wp-json\/wp\/v2\/tags?post=16341"}],"curies":[{"name":"wp","href":"https:\/\/api.w.org\/{rel}","templated":true}]}}