{"id":16339,"date":"2020-05-26T15:24:23","date_gmt":"2020-05-26T18:24:23","guid":{"rendered":"http:\/\/blogs.correiobraziliense.com.br\/servidor\/?p=16339"},"modified":"2020-05-26T15:24:23","modified_gmt":"2020-05-26T18:24:23","slug":"associacao-de-turismo-receptivo-faz-ato-para-cobrar-ajuda-do-gdf","status":"publish","type":"post","link":"https:\/\/blogs.correiobraziliense.com.br\/servidor\/associacao-de-turismo-receptivo-faz-ato-para-cobrar-ajuda-do-gdf\/","title":{"rendered":"Associa\u00e7\u00e3o de turismo receptivo faz ato para cobrar ajuda do GDF"},"content":{"rendered":"<p><em><strong>Movimento reunir\u00e1 representantes da categoria em carreata, nesta quinta (28), a partir das 10 horas, na Esplanada dos Minist\u00e9rios<\/strong><\/em><\/p>\n<p>A Associa\u00e7\u00e3o Brasiliense das Ag\u00eancias de Turismo Receptivo (Abare) far\u00e1, nesta quinta-feira (28), uma carreata para requisitar ao Governo do Distrito Federal (GDF) direitos \u00e0 categoria em meio aos reflexos da pandemia do coronav\u00edrus. O protesto pretende reunir mais de cem ve\u00edculos em uma concentra\u00e7\u00e3o no estacionamento do Man\u00e9 Garrincha, a partir das 10 horas. Depois, o grupo segue at\u00e9 a Esplanada dos Minist\u00e9rios.<\/p>\n<p>\u201cSer\u00e1 um ato pac\u00edfico e organizado. O objetivo \u00e9 somente cobrar uma assist\u00eancia do GDF no momento de crise. Entre as reivindica\u00e7\u00f5es encabe\u00e7adas pela Abare, h\u00e1 a diminui\u00e7\u00e3o dos impostos, inser\u00e7\u00e3o do Imposto sobre a Propriedade de Ve\u00edculos Automotores (IPVA) e a flexibiliza\u00e7\u00e3o de cr\u00e9dito\u201d, explica Reinaldo Ferreira, presidente da associa\u00e7\u00e3o e um dos l\u00edderes do movimento. Para al\u00e9m de uma manifesta\u00e7\u00e3o de reivindica\u00e7\u00e3o, o grupo busca ainda propor alternativas ao Executivo local.<\/p>\n<p>Servi\u00e7o<br \/>\nO que \u00e9: manifesta\u00e7\u00e3o da Abare em cobran\u00e7a pela ajuda do GDF<br \/>\nOnde: concentra\u00e7\u00e3o no estacionamento do Man\u00e9 Garrincha<br \/>\nHor\u00e1rio: a partir das 10h<\/p>\n","protected":false},"excerpt":{"rendered":"<p>Movimento reunir\u00e1 representantes da categoria em carreata, nesta quinta (28), a partir das 10 horas, na Esplanada dos Minist\u00e9rios A Associa\u00e7\u00e3o Brasiliense das Ag\u00eancias de Turismo Receptivo (Abare) far\u00e1, nesta quinta-feira (28), uma carreata para requisitar ao Governo do Distrito Federal (GDF) direitos \u00e0 categoria em meio aos reflexos da pandemia do coronav\u00edrus. O protesto pretende reunir mais de cem [&hellip;]<\/p>\n","protected":false},"author":89,"featured_media":0,"comment_status":"open","ping_status":"closed","sticky":false,"template":"","format":"standard","meta":{"footnotes":""},"categories":[2719],"tags":[17607,6594,5736,17608,16896,1767,17609,9,2692,2770,1126,17610,1151,17255,718,17611,4697],"class_list":["post-16339","post","type-post","status-publish","format-standard","hentry","category-servidor","tag-abare","tag-ajuda","tag-associacao","tag-carreata","tag-coronavirus","tag-credito","tag-esplanada-dos-ministerios","tag-executivo","tag-gdf","tag-impostos","tag-ipva","tag-mane-garrincha","tag-manifestacao","tag-pandemia","tag-protesto","tag-receptivo","tag-turismo"],"_links":{"self":[{"href":"https:\/\/blogs.correiobraziliense.com.br\/servidor\/wp-json\/wp\/v2\/posts\/16339","targetHints":{"allow":["GET"]}}],"collection":[{"href":"https:\/\/blogs.correiobraziliense.com.br\/servidor\/wp-json\/wp\/v2\/posts"}],"about":[{"href":"https:\/\/blogs.correiobraziliense.com.br\/servidor\/wp-json\/wp\/v2\/types\/post"}],"author":[{"embeddable":true,"href":"https:\/\/blogs.correiobraziliense.com.br\/servidor\/wp-json\/wp\/v2\/users\/89"}],"replies":[{"embeddable":true,"href":"https:\/\/blogs.correiobraziliense.com.br\/servidor\/wp-json\/wp\/v2\/comments?post=16339"}],"version-history":[{"count":0,"href":"https:\/\/blogs.correiobraziliense.com.br\/servidor\/wp-json\/wp\/v2\/posts\/16339\/revisions"}],"wp:attachment":[{"href":"https:\/\/blogs.correiobraziliense.com.br\/servidor\/wp-json\/wp\/v2\/media?parent=16339"}],"wp:term":[{"taxonomy":"category","embeddable":true,"href":"https:\/\/blogs.correiobraziliense.com.br\/servidor\/wp-json\/wp\/v2\/categories?post=16339"},{"taxonomy":"post_tag","embeddable":true,"href":"https:\/\/blogs.correiobraziliense.com.br\/servidor\/wp-json\/wp\/v2\/tags?post=16339"}],"curies":[{"name":"wp","href":"https:\/\/api.w.org\/{rel}","templated":true}]}}