{"id":16334,"date":"2020-05-26T13:24:34","date_gmt":"2020-05-26T16:24:34","guid":{"rendered":"http:\/\/blogs.correiobraziliense.com.br\/servidor\/?p=16334"},"modified":"2020-05-26T13:24:34","modified_gmt":"2020-05-26T16:24:34","slug":"fenapef-nota-sobre-a-operacao-placebo-e-informacoes-privilegiadas","status":"publish","type":"post","link":"https:\/\/blogs.correiobraziliense.com.br\/servidor\/fenapef-nota-sobre-a-operacao-placebo-e-informacoes-privilegiadas\/","title":{"rendered":"Fenapef &#8211; Nota sobre a Opera\u00e7\u00e3o Placebo e informa\u00e7\u00f5es privilegiadas"},"content":{"rendered":"<p><em><strong>A Fenapef defende que as opera\u00e7\u00f5es devem ser preservadas em qualquer circunst\u00e2ncia. No entanto, revela um estreito relacionamento da deputada federal com a Associa\u00e7\u00e3o dos Delegados da corpora\u00e7\u00e3o<\/strong><\/em><\/p>\n<p>&#8220;Sobre as suspeitas de que a deputada Carla Zambelli (PSL- SP) foi informada antecipadamente da Opera\u00e7\u00e3o, \u00e9 conhecido e not\u00f3rio o v\u00ednculo da parlamentar com a Associa\u00e7\u00e3o de Delegados, desde quando era l\u00edder do movimento Nas Ruas. Esse la\u00e7o se demonstra pela participa\u00e7\u00e3o de Zambelli em eventos, v\u00eddeos e homenagens. A Fenapef defende a apura\u00e7\u00e3o, com responsabilidade e profundidade, sobre a possibilidade de que esse v\u00ednculo possa ter sido utilizado para a obten\u00e7\u00e3o de alguma informa\u00e7\u00e3o privilegiada&#8221;, denuncia.<\/p>\n<p>Veja a nota na \u00edntegra:<\/p>\n<p>&#8220;A respeito da Opera\u00e7\u00e3o Placebo e seus desdobramentos, a Federa\u00e7\u00e3o Nacional dos Policiais Federais (Fenapef) informa que:<\/p>\n<p>1.\u00a0A Fenapef apoia todo e qualquer esfor\u00e7o para apurar e combater a corrup\u00e7\u00e3o. Mesmo em tempos de pandemia, os policiais federais seguem fazendo seu trabalho de investiga\u00e7\u00e3o.<\/p>\n<p>2.\u00a0A lisura das investiga\u00e7\u00f5es e o sigilo das opera\u00e7\u00f5es devem ser preservados em qualquer circunst\u00e2ncia.<\/p>\n<p>3.\u00a0Sobre as suspeitas de que a deputada Carla Zambelli (PSL- SP) foi informada antecipadamente da Opera\u00e7\u00e3o, \u00e9 conhecido e not\u00f3rio o v\u00ednculo da parlamentar com a Associa\u00e7\u00e3o de Delegados, desde quando era l\u00edder do movimento Nas Ruas. Esse la\u00e7o se demonstra pela participa\u00e7\u00e3o de Zambelli em eventos, v\u00eddeos e homenagens. A Fenapef defende a apura\u00e7\u00e3o, com responsabilidade e profundidade, sobre a possibilidade de que esse v\u00ednculo possa ter sido utilizado para a obten\u00e7\u00e3o de alguma informa\u00e7\u00e3o privilegiada.<\/p>\n<p>4.\u00a0A Opera\u00e7\u00e3o Placebo \u00e9 realizada pela equipe do SINQ (Servi\u00e7o de Inqu\u00e9ritos) da DICOR (Diretoria de Investiga\u00e7\u00e3o e Combate ao Crime Organizado) da Pol\u00edcia Federal. O SINQ atua em inqu\u00e9ritos de tribunais superiores que tenham como alvos pessoas com foro nesses tribunais.<\/p>\n<p>5.\u00a0As buscas nos Pal\u00e1cios das Laranjeiras e da Guanabara foram autorizadas pelo Superior Tribunal de Justi\u00e7a e t\u00eam como objetivo encontrar elementos de um poss\u00edvel esquema de corrup\u00e7\u00e3o envolvendo uma organiza\u00e7\u00e3o social contratada para a instala\u00e7\u00e3o de hospitais de campanha e servidores da c\u00fapula da gest\u00e3o do sistema de sa\u00fade do Estado do Rio de Janeiro, conforme informou a Pol\u00edcia Federal.<\/p>\n<p>Federa\u00e7\u00e3o Nacional dos Policiais Federais<\/p>\n<p>Bras\u00edlia, 26 de maio de 2020&#8221;<\/p>\n<p>&nbsp;<\/p>\n","protected":false},"excerpt":{"rendered":"<p>A Fenapef defende que as opera\u00e7\u00f5es devem ser preservadas em qualquer circunst\u00e2ncia. No entanto, revela um estreito relacionamento da deputada federal com a Associa\u00e7\u00e3o dos Delegados da corpora\u00e7\u00e3o &#8220;Sobre as suspeitas de que a deputada Carla Zambelli (PSL- SP) foi informada antecipadamente da Opera\u00e7\u00e3o, \u00e9 conhecido e not\u00f3rio o v\u00ednculo da parlamentar com a Associa\u00e7\u00e3o de Delegados, desde quando era [&hellip;]<\/p>\n","protected":false},"author":89,"featured_media":0,"comment_status":"open","ping_status":"closed","sticky":false,"template":"","format":"standard","meta":{"footnotes":""},"categories":[2719],"tags":[17605,232,4466,107,1118,17606,104,11726,1345,1946],"class_list":["post-16334","post","type-post","status-publish","format-standard","hentry","category-servidor","tag-carla-zambelli","tag-delegados","tag-deputada","tag-fenapef","tag-informacao","tag-operacao-placebo","tag-policia-federal","tag-privilegiada","tag-responsabilidade","tag-vinculo"],"_links":{"self":[{"href":"https:\/\/blogs.correiobraziliense.com.br\/servidor\/wp-json\/wp\/v2\/posts\/16334","targetHints":{"allow":["GET"]}}],"collection":[{"href":"https:\/\/blogs.correiobraziliense.com.br\/servidor\/wp-json\/wp\/v2\/posts"}],"about":[{"href":"https:\/\/blogs.correiobraziliense.com.br\/servidor\/wp-json\/wp\/v2\/types\/post"}],"author":[{"embeddable":true,"href":"https:\/\/blogs.correiobraziliense.com.br\/servidor\/wp-json\/wp\/v2\/users\/89"}],"replies":[{"embeddable":true,"href":"https:\/\/blogs.correiobraziliense.com.br\/servidor\/wp-json\/wp\/v2\/comments?post=16334"}],"version-history":[{"count":0,"href":"https:\/\/blogs.correiobraziliense.com.br\/servidor\/wp-json\/wp\/v2\/posts\/16334\/revisions"}],"wp:attachment":[{"href":"https:\/\/blogs.correiobraziliense.com.br\/servidor\/wp-json\/wp\/v2\/media?parent=16334"}],"wp:term":[{"taxonomy":"category","embeddable":true,"href":"https:\/\/blogs.correiobraziliense.com.br\/servidor\/wp-json\/wp\/v2\/categories?post=16334"},{"taxonomy":"post_tag","embeddable":true,"href":"https:\/\/blogs.correiobraziliense.com.br\/servidor\/wp-json\/wp\/v2\/tags?post=16334"}],"curies":[{"name":"wp","href":"https:\/\/api.w.org\/{rel}","templated":true}]}}