{"id":16314,"date":"2020-05-25T11:42:57","date_gmt":"2020-05-25T14:42:57","guid":{"rendered":"http:\/\/blogs.correiobraziliense.com.br\/servidor\/?p=16314"},"modified":"2020-05-25T11:42:57","modified_gmt":"2020-05-25T14:42:57","slug":"politicas-e-servicos-publicos-durante-e-pos-pandemia","status":"publish","type":"post","link":"https:\/\/blogs.correiobraziliense.com.br\/servidor\/politicas-e-servicos-publicos-durante-e-pos-pandemia\/","title":{"rendered":"Pol\u00edticas e servi\u00e7os p\u00fablicos durante e p\u00f3s-pandemia"},"content":{"rendered":"<p><em><strong>A P\u00fablica Central do Servidor convida o senador Weverton (PDT-MA) para falar sobre pol\u00edticas p\u00fablicas e servi\u00e7o p\u00fablico durante e p\u00f3s-pandemia<\/strong><\/em><\/p>\n<p><img loading=\"lazy\" decoding=\"async\" class=\"alignright size-full wp-image-16315\" src=\"https:\/\/blogs.correiobraziliense.com.br\/servidor\/wp-content\/uploads\/sites\/10\/2020\/05\/P\u00fablica-1.jpg\" alt=\"\" width=\"1000\" height=\"1000\" \/><\/p>\n<p>Participa\u00e7\u00f5es:<br \/>\n\u25aa\ufe0fJos\u00e9 Gozze, presidente da P\u00fablica Central do Servidor, Fespesp e Assetj.<br \/>\n\u25aa\ufe0fHugo Ren\u00e9 de Souza, 2\u00ba vice-presidente da P\u00fablica Central do Servidor, vice-presidente da Febrafisco e presidente do Sinffazfisco.<br \/>\n\u25aa\ufe0fSilvia Helena de Alencar Felismino, secret\u00e1ria-geral da P\u00fablica Central do Servidor e analista-tribut\u00e1ria da Receita Federal do Brasil.<br \/>\nAssista em:<br \/>\n\ud83d\udd35 Facebook <a href=\"https:\/\/web.facebook.com\/publicacentraldoservidor\">https:\/\/web.facebook.com\/publicacentraldoservidor<\/a><\/p>\n","protected":false},"excerpt":{"rendered":"<p>A P\u00fablica Central do Servidor convida o senador Weverton (PDT-MA) para falar sobre pol\u00edticas p\u00fablicas e servi\u00e7o p\u00fablico durante e p\u00f3s-pandemia Participa\u00e7\u00f5es: \u25aa\ufe0fJos\u00e9 Gozze, presidente da P\u00fablica Central do Servidor, Fespesp e Assetj. \u25aa\ufe0fHugo Ren\u00e9 de Souza, 2\u00ba vice-presidente da P\u00fablica Central do Servidor, vice-presidente da Febrafisco e presidente do Sinffazfisco. \u25aa\ufe0fSilvia Helena de Alencar Felismino, secret\u00e1ria-geral da P\u00fablica Central [&hellip;]<\/p>\n","protected":false},"author":89,"featured_media":0,"comment_status":"open","ping_status":"closed","sticky":false,"template":"","format":"standard","meta":{"footnotes":""},"categories":[2719],"tags":[17255,706,11201,241,212],"class_list":["post-16314","post","type-post","status-publish","format-standard","hentry","category-servidor","tag-pandemia","tag-politicas","tag-publica-central-do-servidor","tag-publico","tag-servico"],"_links":{"self":[{"href":"https:\/\/blogs.correiobraziliense.com.br\/servidor\/wp-json\/wp\/v2\/posts\/16314","targetHints":{"allow":["GET"]}}],"collection":[{"href":"https:\/\/blogs.correiobraziliense.com.br\/servidor\/wp-json\/wp\/v2\/posts"}],"about":[{"href":"https:\/\/blogs.correiobraziliense.com.br\/servidor\/wp-json\/wp\/v2\/types\/post"}],"author":[{"embeddable":true,"href":"https:\/\/blogs.correiobraziliense.com.br\/servidor\/wp-json\/wp\/v2\/users\/89"}],"replies":[{"embeddable":true,"href":"https:\/\/blogs.correiobraziliense.com.br\/servidor\/wp-json\/wp\/v2\/comments?post=16314"}],"version-history":[{"count":0,"href":"https:\/\/blogs.correiobraziliense.com.br\/servidor\/wp-json\/wp\/v2\/posts\/16314\/revisions"}],"wp:attachment":[{"href":"https:\/\/blogs.correiobraziliense.com.br\/servidor\/wp-json\/wp\/v2\/media?parent=16314"}],"wp:term":[{"taxonomy":"category","embeddable":true,"href":"https:\/\/blogs.correiobraziliense.com.br\/servidor\/wp-json\/wp\/v2\/categories?post=16314"},{"taxonomy":"post_tag","embeddable":true,"href":"https:\/\/blogs.correiobraziliense.com.br\/servidor\/wp-json\/wp\/v2\/tags?post=16314"}],"curies":[{"name":"wp","href":"https:\/\/api.w.org\/{rel}","templated":true}]}}