{"id":16290,"date":"2020-05-22T20:51:39","date_gmt":"2020-05-22T23:51:39","guid":{"rendered":"http:\/\/blogs.correiobraziliense.com.br\/servidor\/?p=16290"},"modified":"2020-05-22T20:51:39","modified_gmt":"2020-05-22T23:51:39","slug":"centrais-sindicais-defender-a-democracia-deter-o-golpismo-do-governo-bolsonaro","status":"publish","type":"post","link":"https:\/\/blogs.correiobraziliense.com.br\/servidor\/centrais-sindicais-defender-a-democracia-deter-o-golpismo-do-governo-bolsonaro\/","title":{"rendered":"Centrais sindicais &#8211; Defender a democracia, deter o golpismo do governo Bolsonaro"},"content":{"rendered":"<p><em><strong>As centrais sindicais v\u00eam a p\u00fablico para manifestar indigna\u00e7\u00e3o contra &#8220;mais um atentado contra a democracia e os direitos do povo brasileiro&#8221;. As entidades destacam que &#8220;na democracia, nenhum cidad\u00e3o est\u00e1 acima da lei, nem mesmo o presidente da Republica&#8221;\u00a0<\/strong><\/em><\/p>\n<p>Veja a nota:<\/p>\n<p>&#8220;Nesta sexta-feira ( 22\/5) o pais assistiu a mais um atentado contra a democracia , desta vez vindo do General Augusto Heleno, ministro do Gabinete de Seguran\u00e7a Institucional, que declara que a entrega do celular do Presidente da Republica para ser periciado pela policia poderia \u201cter consequ\u00eancias imprevis\u00edveis para a estabilidade nacional.\u201d<\/p>\n<p>O que causou a ira golpista do general foi uma decis\u00e3o do ministro Celso de Mello do Supremo Tribunal Federal que notificou o Procurador Geral da Uni\u00e3o para que o Presidente Jair Bolsonaro entregue seu celular para ser periciado pela policia no curso de uma investiga\u00e7\u00e3o aberta no STF.<\/p>\n<p>Ao inv\u00e9s de cumprir a lei e respeitar a decis\u00e3o do ministro do Supremo, o ministro Heleno faz um chamado ao descumprimento da ordem judicial, o que \u00e9 um crime previsto na legisla\u00e7\u00e3o penal.<\/p>\n<p>A nota distribu\u00edda pelo general \u00e9 um chamado ao descumprimento de uma ordem judicial pela mais alta autoridade do pa\u00eds, o Presidente da Rep\u00fablica. O manifesto do ministro \u00e9 um apelo a quebra da ordem constitucional, um golpe contra a democracia.<\/p>\n<p>Na democracia nenhum cidad\u00e3o est\u00e1 acima da lei, nem mesmo o presidente da Republica.<\/p>\n<p>Os trabalhadores brasileiros condenam a posi\u00e7\u00e3o golpista do general Heleno e conclamam todas as for\u00e7as democr\u00e1ticas do pais a cerrarem fileiras em defesa da democracia e da Constitui\u00e7\u00e3o, isolando e impedindo a continuidade da escalada golpista.<br \/>\n#ForaBolsonaro<\/p>\n<p>S\u00e3o Paulo, 22 de maio de 2020<\/p>\n<p>S\u00e9rgio Nobre \u2013 Presidente da CUT \u2013 Central \u00danica dos Trabalhadores<br \/>\nMiguel Torres \u2013 Presidente da For\u00e7a Sindical<br \/>\nRicardo Patah- Presidente da UGT \u2013 Uni\u00e3o Geral dos Trabalhadores<br \/>\nAdilson Ara\u00fajo \u2013 Presidente da CTB \u2013 Central dos Trabalhadores e Trabalhadoras do Brasil<br \/>\nJos\u00e9 Calixto Ramos \u2013 Presidente da NCST \u2013 Nova Central Sindical de Trabalhadores<br \/>\nAntonio Neto \u2013 Presidente da CSB \u2013 Central dos Sindicatos Brasileiros<br \/>\nEdson Carneiro \u00cdndio \u2013 secret\u00e1rio-geral da Intersindical (Central da Classe Trabalhadora)<br \/>\nUbiraci Dantas de Oliveira \u2013 Presidente da CGTB (Central Geral dos Trabalhadores do Brasil)<br \/>\nJos\u00e9 Gozze \u2013 Presidente da P\u00daBLICA, Central do Servidor&#8221;<\/p>\n","protected":false},"excerpt":{"rendered":"<p>As centrais sindicais v\u00eam a p\u00fablico para manifestar indigna\u00e7\u00e3o contra &#8220;mais um atentado contra a democracia e os direitos do povo brasileiro&#8221;. As entidades destacam que &#8220;na democracia, nenhum cidad\u00e3o est\u00e1 acima da lei, nem mesmo o presidente da Republica&#8221;\u00a0 Veja a nota: &#8220;Nesta sexta-feira ( 22\/5) o pais assistiu a mais um atentado contra a democracia , desta vez [&hellip;]<\/p>\n","protected":false},"author":89,"featured_media":0,"comment_status":"open","ping_status":"closed","sticky":false,"template":"","format":"standard","meta":{"footnotes":""},"categories":[2719],"tags":[1572,2197,1259,4053,620,17587,7317,17588,98,1401,102,2733,1415,5166,1260],"class_list":["post-16290","post","type-post","status-publish","format-standard","hentry","category-servidor","tag-atentado","tag-celular","tag-centrais","tag-democracia","tag-estabilidade","tag-gabinete-de-seguranca-institucional","tag-general","tag-golpismo","tag-governo","tag-indignacao","tag-lei","tag-pericia","tag-politica","tag-presidente-da-republica","tag-sindicais"],"_links":{"self":[{"href":"https:\/\/blogs.correiobraziliense.com.br\/servidor\/wp-json\/wp\/v2\/posts\/16290","targetHints":{"allow":["GET"]}}],"collection":[{"href":"https:\/\/blogs.correiobraziliense.com.br\/servidor\/wp-json\/wp\/v2\/posts"}],"about":[{"href":"https:\/\/blogs.correiobraziliense.com.br\/servidor\/wp-json\/wp\/v2\/types\/post"}],"author":[{"embeddable":true,"href":"https:\/\/blogs.correiobraziliense.com.br\/servidor\/wp-json\/wp\/v2\/users\/89"}],"replies":[{"embeddable":true,"href":"https:\/\/blogs.correiobraziliense.com.br\/servidor\/wp-json\/wp\/v2\/comments?post=16290"}],"version-history":[{"count":0,"href":"https:\/\/blogs.correiobraziliense.com.br\/servidor\/wp-json\/wp\/v2\/posts\/16290\/revisions"}],"wp:attachment":[{"href":"https:\/\/blogs.correiobraziliense.com.br\/servidor\/wp-json\/wp\/v2\/media?parent=16290"}],"wp:term":[{"taxonomy":"category","embeddable":true,"href":"https:\/\/blogs.correiobraziliense.com.br\/servidor\/wp-json\/wp\/v2\/categories?post=16290"},{"taxonomy":"post_tag","embeddable":true,"href":"https:\/\/blogs.correiobraziliense.com.br\/servidor\/wp-json\/wp\/v2\/tags?post=16290"}],"curies":[{"name":"wp","href":"https:\/\/api.w.org\/{rel}","templated":true}]}}