{"id":16286,"date":"2020-05-22T18:26:16","date_gmt":"2020-05-22T21:26:16","guid":{"rendered":"http:\/\/blogs.correiobraziliense.com.br\/servidor\/?p=16286"},"modified":"2020-05-22T18:26:16","modified_gmt":"2020-05-22T21:26:16","slug":"professores-da-unb-conseguem-suspensao-de-contribuicao-previdenciaria-progressiva-durante-a-pandemia","status":"publish","type":"post","link":"https:\/\/blogs.correiobraziliense.com.br\/servidor\/professores-da-unb-conseguem-suspensao-de-contribuicao-previdenciaria-progressiva-durante-a-pandemia\/","title":{"rendered":"Professores da UnB conseguem suspens\u00e3o de contribui\u00e7\u00e3o previdenci\u00e1ria progressiva durante a pandemia"},"content":{"rendered":"<p><em><strong>A 9\u00aa Vara Federal C\u00edvel do Tribunal de Justi\u00e7a do Distrito Federal e dos Territ\u00f3rios (TJ-DFT) acatou pedido da Associa\u00e7\u00e3o dos Docentes da Universidade de Bras\u00edlia (ADUnB) para suspens\u00e3o imediata da contribui\u00e7\u00e3o previdenci\u00e1ria progressiva dos docentes da universidade, em meio \u00e0 pandemia do coronav\u00edrus (Covid-19)<\/strong><\/em><\/p>\n<p>A reforma da Previd\u00eancia (Emenda Constitucional n\u00ba 103\/190), em vigor desde novembro do ano passado, elevou em at\u00e9 22% a contribui\u00e7\u00e3o. Mas a Justi\u00e7a determinou a retomada do percentual anterior de 11% sobre o total da remunera\u00e7\u00e3o e ainda a suspens\u00e3o da cobran\u00e7a de contribui\u00e7\u00e3o ordin\u00e1ria de aposentados e pensionistas sobre valor que ultrapasse o sal\u00e1rio m\u00ednimo.<\/p>\n<p>\u201cO aumento escalonado da contribui\u00e7\u00e3o para os servidores foi abusivo e confiscat\u00f3rio. Na pr\u00e1tica, a al\u00edquota escalonada prejudica esse trabalhador durante a sua caminhada na carreira, pois ele permanece com o sal\u00e1rio congelado. Mesmo que o servidor progrida e aumente a sua remunera\u00e7\u00e3o, o desconto previdenci\u00e1rio tende a retirar boa parte dessa fatia, neutralizando os reajustes\u201d, afirma Leandro Madureira, advogado respons\u00e1vel pelo pedido de tutela e s\u00f3cio do escrit\u00f3rio Mauro Menezes &amp; Advogados.<\/p>\n<p>A ADUnB ainda defende que a reforma da Previd\u00eancia instituiu uma contribui\u00e7\u00e3o que, na pr\u00e1tica, representa uma expropria\u00e7\u00e3o do patrim\u00f4nio do servidor e uma transfer\u00eancia de responsabilidade sobre a d\u00edvida p\u00fablica. \u201cImportant\u00edssimo o posicionamento do Judici\u00e1rio que acata o pedido liminar, em especial durante uma pandemia mundial, garantindo a manuten\u00e7\u00e3o das contribui\u00e7\u00f5es em patamares razo\u00e1veis e a suspens\u00e3o tanto a contribui\u00e7\u00e3o escalonada quanto a al\u00edquota extraordin\u00e1ria\u201d, aponta Madureira.<\/p>\n<p>Na decis\u00e3o, o juiz federal Renato Coelho Borelli entendeu que o Estado n\u00e3o pode se apropriar da quase totalidade do patrim\u00f4nio e da renda dos contribuintes, sob pena de ferir o princ\u00edpio da veda\u00e7\u00e3o do confisco. &#8220;Entendo que por mais que sejam relevantes as raz\u00f5es atuariais que levaram \u00e0 aprova\u00e7\u00e3o da EC n\u00ba 103\/2019, n\u00e3o se pode considerar razo\u00e1vel uma tributa\u00e7\u00e3o que alcan\u00e7a quase a metade dos vencimentos ou proventos dos servidores e pensionistas\u201d, escreveu.<\/p>\n","protected":false},"excerpt":{"rendered":"<p>A 9\u00aa Vara Federal C\u00edvel do Tribunal de Justi\u00e7a do Distrito Federal e dos Territ\u00f3rios (TJ-DFT) acatou pedido da Associa\u00e7\u00e3o dos Docentes da Universidade de Bras\u00edlia (ADUnB) para suspens\u00e3o imediata da contribui\u00e7\u00e3o previdenci\u00e1ria progressiva dos docentes da universidade, em meio \u00e0 pandemia do coronav\u00edrus (Covid-19) A reforma da Previd\u00eancia (Emenda Constitucional n\u00ba 103\/190), em vigor desde novembro do ano passado, [&hellip;]<\/p>\n","protected":false},"author":89,"featured_media":0,"comment_status":"open","ping_status":"closed","sticky":false,"template":"","format":"standard","meta":{"footnotes":""},"categories":[2719],"tags":[17582,10029,16896,17256,1449,17583,17255,2976,17584,2423,420,5195],"class_list":["post-16286","post","type-post","status-publish","format-standard","hentry","category-servidor","tag-adunn","tag-contribuicao-previdenciaria","tag-coronavirus","tag-covid-19","tag-docentes","tag-ec-1","tag-pandemia","tag-professores","tag-progresiva","tag-suspensao","tag-unb","tag-universidade"],"_links":{"self":[{"href":"https:\/\/blogs.correiobraziliense.com.br\/servidor\/wp-json\/wp\/v2\/posts\/16286","targetHints":{"allow":["GET"]}}],"collection":[{"href":"https:\/\/blogs.correiobraziliense.com.br\/servidor\/wp-json\/wp\/v2\/posts"}],"about":[{"href":"https:\/\/blogs.correiobraziliense.com.br\/servidor\/wp-json\/wp\/v2\/types\/post"}],"author":[{"embeddable":true,"href":"https:\/\/blogs.correiobraziliense.com.br\/servidor\/wp-json\/wp\/v2\/users\/89"}],"replies":[{"embeddable":true,"href":"https:\/\/blogs.correiobraziliense.com.br\/servidor\/wp-json\/wp\/v2\/comments?post=16286"}],"version-history":[{"count":0,"href":"https:\/\/blogs.correiobraziliense.com.br\/servidor\/wp-json\/wp\/v2\/posts\/16286\/revisions"}],"wp:attachment":[{"href":"https:\/\/blogs.correiobraziliense.com.br\/servidor\/wp-json\/wp\/v2\/media?parent=16286"}],"wp:term":[{"taxonomy":"category","embeddable":true,"href":"https:\/\/blogs.correiobraziliense.com.br\/servidor\/wp-json\/wp\/v2\/categories?post=16286"},{"taxonomy":"post_tag","embeddable":true,"href":"https:\/\/blogs.correiobraziliense.com.br\/servidor\/wp-json\/wp\/v2\/tags?post=16286"}],"curies":[{"name":"wp","href":"https:\/\/api.w.org\/{rel}","templated":true}]}}