{"id":16278,"date":"2020-05-22T10:01:31","date_gmt":"2020-05-22T13:01:31","guid":{"rendered":"http:\/\/blogs.correiobraziliense.com.br\/servidor\/?p=16278"},"modified":"2020-05-22T10:01:31","modified_gmt":"2020-05-22T13:01:31","slug":"governo-prorroga-prazo-de-reabertura-das-agencias-do-inss","status":"publish","type":"post","link":"https:\/\/blogs.correiobraziliense.com.br\/servidor\/governo-prorroga-prazo-de-reabertura-das-agencias-do-inss\/","title":{"rendered":"Governo prorroga prazo de reabertura das ag\u00eancias do INSS"},"content":{"rendered":"<p><em><strong>A determina\u00e7\u00e3o foi publicada, hoje, no Di\u00e1rio Oficial da Uni\u00e3o (DOU), por meio da Portaria Conjunta n\u00ba 17, do Minist\u00e9rio da Economia. Essa \u00e9 a segunda prorroga\u00e7\u00e3o<\/strong><\/em><\/p>\n<p>O documento \u00e9 assinado pelo secret\u00e1rio especial de Previd\u00eancia e Trabalho, Bruno Bianco Leal, secret\u00e1rio especial de Previd\u00eancia, Narlon Gutierre Nogueira, e pelo presidente do Instituto Nacional do Seguro Social (INSS), Leonardo Jos\u00e9 Rolim Guimar\u00e3es.<\/p>\n<p>Com um \u00fanico artigo, a Portaria determina: &#8220;Fica prorrogado at\u00e9 19 de junho de 2020 o prazo de que trata o art. 1\u00ba da Portaria Conjunta n\u00ba 8.024, de 19 de mar\u00e7o de 2020, publicada no DOU de 20 de mar\u00e7o de 2020, se\u00e7\u00e3o 1, p\u00e1gina 67&#8221;. A previs\u00e3o inicial era de abertura em 4 de maio, em seguida prorrogada para amanh\u00e3, 22 de maio.<\/p>\n<p>Desde mar\u00e7o, quando o governo pensou em obrigar os servidores a retornar ao trabalho presencial, a Federa\u00e7\u00e3o Nacional de Sindicatos de Trabalhadores da Sa\u00fade,\u00a0Trabalho, Previd\u00eancia e Assist\u00eancia Social (Fenasps) alertou que o caos do Covid-19 no pa\u00eds seria agravado com o fim do isolamento social.<\/p>\n<p>Por meio de of\u00edcio ao minist\u00e9rio, a Federa\u00e7\u00e3o destacou a import\u00e2ncia de a dire\u00e7\u00e3o do INSS estender o per\u00edodo de quarentena e postergar o atendimento ao p\u00fablico.<\/p>\n<p>&#8220;Os servidores do INSS t\u00eam justific\u00e1veis motivos para estarem preocupados com a\u00a0reabertura das ag\u00eancias da Previd\u00eancia Social porque nestes locais de trabalho concentra se\u00a0milhares de pessoas, maioria na faixa de 60 anos ou mais, que tanto podem ser transmissor\u00a0como estar expostas a contamina\u00e7\u00e3o pelo Covid-19, em pleno ciclo crescente da\u00a0pandemia, que j\u00e1 contaminou em todo pais mais de 165 mil casos de infectados\u00a0confirmados e 11.123 mortes na presente data (11 de maio)&#8221;, explica.<\/p>\n<p>A Fenasps destacava, ainda, o perigo n\u00e3o apenas de contamina\u00e7\u00f5es, mas\u00a0principalmente a falta de estrutura no sistema de sa\u00fade para atender adequadamente quem\u00a0necessita de leitos, que vinha provocando verdadeiro caos nos Estados do Amazonas, Cear\u00e1,\u00a0Par\u00e1, Santa Catarina, S\u00e3o Paulo e Rio de Janeiro, com doentes morrendo em suas casas, e\u00a0pilhas de corpos em hospitais e necrot\u00e9rios aguardando libera\u00e7\u00e3o para serem sepultados.<\/p>\n<p>&#8220;O governo Federal aponta que mesmo em quarentena, desde segunda\u00a0quinzena de maio mais de 500 servidores p\u00fablicos tiveram confirma\u00e7\u00e3o de cont\u00e1gio pelo Covid-19,\u00a0temos certeza que dezenas destes s\u00e3o do INSS. E poss\u00edvel imaginar a trag\u00e9dia que\u00a0isto significaria se n\u00e3o fossem tomadas as medidas protetivas do isolamento social??&#8221;, questionou a Fenasps<\/p>\n","protected":false},"excerpt":{"rendered":"<p>A determina\u00e7\u00e3o foi publicada, hoje, no Di\u00e1rio Oficial da Uni\u00e3o (DOU), por meio da Portaria Conjunta n\u00ba 17, do Minist\u00e9rio da Economia. Essa \u00e9 a segunda prorroga\u00e7\u00e3o O documento \u00e9 assinado pelo secret\u00e1rio especial de Previd\u00eancia e Trabalho, Bruno Bianco Leal, secret\u00e1rio especial de Previd\u00eancia, Narlon Gutierre Nogueira, e pelo presidente do Instituto Nacional do Seguro Social (INSS), Leonardo Jos\u00e9 [&hellip;]<\/p>\n","protected":false},"author":89,"featured_media":16284,"comment_status":"open","ping_status":"closed","sticky":false,"template":"","format":"standard","meta":{"footnotes":""},"categories":[2719],"tags":[638,879,551,10474,17256,16536,98,11,17459,14327,17255,1167,1174,549,3815,241,5904,1068,261],"class_list":["post-16278","post","type-post","status-publish","format-standard","has-post-thumbnail","hentry","category-servidor","tag-abertura","tag-agencias","tag-atendimento","tag-contaminacao","tag-covid-19","tag-fenasps","tag-governo","tag-inss","tag-isolamento","tag-ministerio-da-economia","tag-pandemia","tag-portaria","tag-prazo","tag-previdencia","tag-prorroga","tag-publico","tag-quarentena","tag-seguro-social","tag-trabalho"],"_links":{"self":[{"href":"https:\/\/blogs.correiobraziliense.com.br\/servidor\/wp-json\/wp\/v2\/posts\/16278","targetHints":{"allow":["GET"]}}],"collection":[{"href":"https:\/\/blogs.correiobraziliense.com.br\/servidor\/wp-json\/wp\/v2\/posts"}],"about":[{"href":"https:\/\/blogs.correiobraziliense.com.br\/servidor\/wp-json\/wp\/v2\/types\/post"}],"author":[{"embeddable":true,"href":"https:\/\/blogs.correiobraziliense.com.br\/servidor\/wp-json\/wp\/v2\/users\/89"}],"replies":[{"embeddable":true,"href":"https:\/\/blogs.correiobraziliense.com.br\/servidor\/wp-json\/wp\/v2\/comments?post=16278"}],"version-history":[{"count":0,"href":"https:\/\/blogs.correiobraziliense.com.br\/servidor\/wp-json\/wp\/v2\/posts\/16278\/revisions"}],"wp:featuredmedia":[{"embeddable":true,"href":"https:\/\/blogs.correiobraziliense.com.br\/servidor\/wp-json\/wp\/v2\/media\/16284"}],"wp:attachment":[{"href":"https:\/\/blogs.correiobraziliense.com.br\/servidor\/wp-json\/wp\/v2\/media?parent=16278"}],"wp:term":[{"taxonomy":"category","embeddable":true,"href":"https:\/\/blogs.correiobraziliense.com.br\/servidor\/wp-json\/wp\/v2\/categories?post=16278"},{"taxonomy":"post_tag","embeddable":true,"href":"https:\/\/blogs.correiobraziliense.com.br\/servidor\/wp-json\/wp\/v2\/tags?post=16278"}],"curies":[{"name":"wp","href":"https:\/\/api.w.org\/{rel}","templated":true}]}}