{"id":16268,"date":"2020-05-20T22:07:11","date_gmt":"2020-05-21T01:07:11","guid":{"rendered":"http:\/\/blogs.correiobraziliense.com.br\/servidor\/?p=16268"},"modified":"2020-05-20T22:07:11","modified_gmt":"2020-05-21T01:07:11","slug":"servico-publico-e-os-direitos-fundamentais","status":"publish","type":"post","link":"https:\/\/blogs.correiobraziliense.com.br\/servidor\/servico-publico-e-os-direitos-fundamentais\/","title":{"rendered":"Servi\u00e7o p\u00fablico e os direitos fundamentais"},"content":{"rendered":"<p><em><strong>Com o objetivo de resgatar a reflex\u00e3o sobre o fortalecimento do servi\u00e7o p\u00fablico, o F\u00f3rum Nacional Permanente de Carreiras T\u00edpicas de Estado (Fonacate) far\u00e1, no pr\u00f3ximo dia 27 de maio, das 14h30 \u00e0s 16h, o debate \u201cO servi\u00e7o p\u00fablico e os direitos fundamentais\u201d<\/strong><\/em><\/p>\n<p><img loading=\"lazy\" decoding=\"async\" class=\"alignright size-large wp-image-16269\" src=\"https:\/\/blogs.correiobraziliense.com.br\/servidor\/wp-content\/uploads\/sites\/10\/2020\/05\/Fonacate-direitos-fundamentais-1-832x1024.jpg\" alt=\"\" width=\"832\" height=\"1024\" srcset=\"https:\/\/blogs.correiobraziliense.com.br\/servidor\/wp-content\/uploads\/sites\/10\/2020\/05\/Fonacate-direitos-fundamentais-1-832x1024.jpg 832w, https:\/\/blogs.correiobraziliense.com.br\/servidor\/wp-content\/uploads\/sites\/10\/2020\/05\/Fonacate-direitos-fundamentais-1-244x300.jpg 244w, https:\/\/blogs.correiobraziliense.com.br\/servidor\/wp-content\/uploads\/sites\/10\/2020\/05\/Fonacate-direitos-fundamentais-1-768x945.jpg 768w, https:\/\/blogs.correiobraziliense.com.br\/servidor\/wp-content\/uploads\/sites\/10\/2020\/05\/Fonacate-direitos-fundamentais-1-550x677.jpg 550w, https:\/\/blogs.correiobraziliense.com.br\/servidor\/wp-content\/uploads\/sites\/10\/2020\/05\/Fonacate-direitos-fundamentais-1-230x283.jpg 230w, https:\/\/blogs.correiobraziliense.com.br\/servidor\/wp-content\/uploads\/sites\/10\/2020\/05\/Fonacate-direitos-fundamentais-1.jpg 900w\" sizes=\"auto, (max-width: 832px) 100vw, 832px\" \/><\/p>\n<p>O webinar (confer\u00eancia online) ser\u00e1 transmitido pelo <a href=\"https:\/\/www.youtube.com\/channel\/UCKAQ2lMVJfvdQ_tgFCT4-wA\">canal do Fonacate no YouTub<\/a>e e na p\u00e1gina do F\u00f3rum no Facebook.\u00a0Durante a transmiss\u00e3o tamb\u00e9m ser\u00e1 lan\u00e7ado o livro \u201cEros\u00e3o de direitos: reformas neoliberais e ass\u00e9dio institucional\u201d.<\/p>\n<p>Para o presidente do Fonacate, Rudinei Marques, \u201co momento ressalta a import\u00e2ncia do servi\u00e7o p\u00fablico para combater a atual crise sanit\u00e1ria e econ\u00f4mica, mas o que temos visto s\u00e3o ataques reiterados ao funcionalismo. Ent\u00e3o, cabe ao Fonacate elevar o n\u00edvel desta discuss\u00e3o\u201d.<\/p>\n<p>&nbsp;<\/p>\n","protected":false},"excerpt":{"rendered":"<p>Com o objetivo de resgatar a reflex\u00e3o sobre o fortalecimento do servi\u00e7o p\u00fablico, o F\u00f3rum Nacional Permanente de Carreiras T\u00edpicas de Estado (Fonacate) far\u00e1, no pr\u00f3ximo dia 27 de maio, das 14h30 \u00e0s 16h, o debate \u201cO servi\u00e7o p\u00fablico e os direitos fundamentais\u201d O webinar (confer\u00eancia online) ser\u00e1 transmitido pelo canal do Fonacate no YouTube e na p\u00e1gina do F\u00f3rum [&hellip;]<\/p>\n","protected":false},"author":89,"featured_media":0,"comment_status":"open","ping_status":"closed","sticky":false,"template":"","format":"standard","meta":{"footnotes":""},"categories":[2719],"tags":[1870,847,619,17579,82,6938,2138,1317,17580,13899,241,1893,212,575],"class_list":["post-16268","post","type-post","status-publish","format-standard","hentry","category-servidor","tag-assedio","tag-debate","tag-direitos","tag-erosao-de-direitos","tag-fonacate","tag-fundamentais","tag-institucional","tag-lancamento","tag-livor","tag-neoliberais","tag-publico","tag-reformas","tag-servico","tag-servico-publico"],"_links":{"self":[{"href":"https:\/\/blogs.correiobraziliense.com.br\/servidor\/wp-json\/wp\/v2\/posts\/16268","targetHints":{"allow":["GET"]}}],"collection":[{"href":"https:\/\/blogs.correiobraziliense.com.br\/servidor\/wp-json\/wp\/v2\/posts"}],"about":[{"href":"https:\/\/blogs.correiobraziliense.com.br\/servidor\/wp-json\/wp\/v2\/types\/post"}],"author":[{"embeddable":true,"href":"https:\/\/blogs.correiobraziliense.com.br\/servidor\/wp-json\/wp\/v2\/users\/89"}],"replies":[{"embeddable":true,"href":"https:\/\/blogs.correiobraziliense.com.br\/servidor\/wp-json\/wp\/v2\/comments?post=16268"}],"version-history":[{"count":0,"href":"https:\/\/blogs.correiobraziliense.com.br\/servidor\/wp-json\/wp\/v2\/posts\/16268\/revisions"}],"wp:attachment":[{"href":"https:\/\/blogs.correiobraziliense.com.br\/servidor\/wp-json\/wp\/v2\/media?parent=16268"}],"wp:term":[{"taxonomy":"category","embeddable":true,"href":"https:\/\/blogs.correiobraziliense.com.br\/servidor\/wp-json\/wp\/v2\/categories?post=16268"},{"taxonomy":"post_tag","embeddable":true,"href":"https:\/\/blogs.correiobraziliense.com.br\/servidor\/wp-json\/wp\/v2\/tags?post=16268"}],"curies":[{"name":"wp","href":"https:\/\/api.w.org\/{rel}","templated":true}]}}