{"id":16266,"date":"2020-05-20T12:58:10","date_gmt":"2020-05-20T15:58:10","guid":{"rendered":"http:\/\/blogs.correiobraziliense.com.br\/servidor\/?p=16266"},"modified":"2020-05-20T12:58:10","modified_gmt":"2020-05-20T15:58:10","slug":"stf-deve-julgar-hoje-acao-do-pv-para-derrubar-mp-966","status":"publish","type":"post","link":"https:\/\/blogs.correiobraziliense.com.br\/servidor\/stf-deve-julgar-hoje-acao-do-pv-para-derrubar-mp-966\/","title":{"rendered":"STF deve julgar hoje a\u00e7\u00e3o do PV para derrubar MP 966"},"content":{"rendered":"<p><em><strong>Pedido do partido \u00e9 para que agentes p\u00fablicos que tenham causado danos decorrentes de atos culposos durante a pandemia sejam responsabilizados civil e administrativamente, ao contr\u00e1rio do que pretende o governo com a chamada MP da Impunidade<\/strong><\/em><\/p>\n<p>A\u00e7\u00e3o direta de inconstitucionalidade (ADI) contra a Medida Provis\u00f3ria 966\/2020, ajuizada por deputados do Partido Verde, ser\u00e1 julgada hoje (20) no Supremo Tribunal Federal (STF) Tamb\u00e9m chamada pelos parlamentares de MP da Impunidade, a proposta abre brechas para que agentes p\u00fablicos que tenham causado danos decorrentes de atos culposos durante a pandemia n\u00e3o sejam responsabilizados por suas a\u00e7\u00f5es. Quem est\u00e1 \u00e0 frente do ato \u00e9 o federal Professor Israel Batista (PV-DF).<\/p>\n<p>Para o parlamentar, essa medida \u00e9 uma tentativa de autoprote\u00e7\u00e3o &#8220;para o presidente e seus asseclas&#8221;. &#8220;O que n\u00f3s queremos \u00e9 puni\u00e7\u00e3o exemplar a quem venha tirar proveito ou causar preju\u00edzos financeiros, sanit\u00e1rios ou sociais em um momento cr\u00edtico como o que estamos vivendo&#8221;, afirma.<\/p>\n<p>Sob responsabilidade do advogado Jean Raphael, a ADI ser\u00e1 relatada nesta quarta (20) pelo ministro Lu\u00eds Roberto Barroso, em conjunto com outras a\u00e7\u00f5es sobre a mesma mat\u00e9ria. Assinaram tamb\u00e9m os deputados C\u00e9lio Studart (PV-CE), Leandre Dal Ponte (PV-PR) e Enrico Misasi (PV-SP).<\/p>\n<p><strong>O que \u00e9 a MP 966\/2020<\/strong><\/p>\n<p>A Medida Provis\u00f3ria 966 criou pol\u00eamica ao limitar a responsabiliza\u00e7\u00e3o de agentes p\u00fablicos por danos econ\u00f4micos e sociais provindos de a\u00e7\u00f5es ou omiss\u00f5es causadas durante o enfrentamento ao coronav\u00edrus.<\/p>\n<p>Pela proposta, apenas pr\u00e1ticas com dolo ou erro grosseiro seriam pass\u00edveis de responsabiliza\u00e7\u00e3o. As demais, pela an\u00e1lise de parlamentares, est\u00e3o ao alcance da impunidade.<\/p>\n","protected":false},"excerpt":{"rendered":"<p>Pedido do partido \u00e9 para que agentes p\u00fablicos que tenham causado danos decorrentes de atos culposos durante a pandemia sejam responsabilizados civil e administrativamente, ao contr\u00e1rio do que pretende o governo com a chamada MP da Impunidade A\u00e7\u00e3o direta de inconstitucionalidade (ADI) contra a Medida Provis\u00f3ria 966\/2020, ajuizada por deputados do Partido Verde, ser\u00e1 julgada hoje (20) no Supremo Tribunal [&hellip;]<\/p>\n","protected":false},"author":89,"featured_media":0,"comment_status":"open","ping_status":"closed","sticky":false,"template":"","format":"standard","meta":{"footnotes":""},"categories":[2719],"tags":[176,7016,11215,3350,1319,16896,17575,2089,1298,1650,17563,17255,17576,17577,17578],"class_list":["post-16266","post","type-post","status-publish","format-standard","hentry","category-servidor","tag-acao","tag-administrativo","tag-agentes-publicos","tag-brechas","tag-civil","tag-coronavirus","tag-culposos","tag-danos","tag-deputados","tag-impunidade","tag-mp-966-2020","tag-pandemia","tag-partido-verde","tag-responsabilizados","tag-stf-pv"],"_links":{"self":[{"href":"https:\/\/blogs.correiobraziliense.com.br\/servidor\/wp-json\/wp\/v2\/posts\/16266","targetHints":{"allow":["GET"]}}],"collection":[{"href":"https:\/\/blogs.correiobraziliense.com.br\/servidor\/wp-json\/wp\/v2\/posts"}],"about":[{"href":"https:\/\/blogs.correiobraziliense.com.br\/servidor\/wp-json\/wp\/v2\/types\/post"}],"author":[{"embeddable":true,"href":"https:\/\/blogs.correiobraziliense.com.br\/servidor\/wp-json\/wp\/v2\/users\/89"}],"replies":[{"embeddable":true,"href":"https:\/\/blogs.correiobraziliense.com.br\/servidor\/wp-json\/wp\/v2\/comments?post=16266"}],"version-history":[{"count":0,"href":"https:\/\/blogs.correiobraziliense.com.br\/servidor\/wp-json\/wp\/v2\/posts\/16266\/revisions"}],"wp:attachment":[{"href":"https:\/\/blogs.correiobraziliense.com.br\/servidor\/wp-json\/wp\/v2\/media?parent=16266"}],"wp:term":[{"taxonomy":"category","embeddable":true,"href":"https:\/\/blogs.correiobraziliense.com.br\/servidor\/wp-json\/wp\/v2\/categories?post=16266"},{"taxonomy":"post_tag","embeddable":true,"href":"https:\/\/blogs.correiobraziliense.com.br\/servidor\/wp-json\/wp\/v2\/tags?post=16266"}],"curies":[{"name":"wp","href":"https:\/\/api.w.org\/{rel}","templated":true}]}}