{"id":16263,"date":"2020-05-20T11:39:50","date_gmt":"2020-05-20T14:39:50","guid":{"rendered":"http:\/\/blogs.correiobraziliense.com.br\/servidor\/?p=16263"},"modified":"2020-05-20T11:39:50","modified_gmt":"2020-05-20T14:39:50","slug":"psl-cobra-de-flavio-bolsonaro-ressarcimento-de-recursos-com-pagamento-de-advogado","status":"publish","type":"post","link":"https:\/\/blogs.correiobraziliense.com.br\/servidor\/psl-cobra-de-flavio-bolsonaro-ressarcimento-de-recursos-com-pagamento-de-advogado\/","title":{"rendered":"PSL cobra de Fl\u00e1vio Bolsonaro ressarcimento de recursos com pagamento de advogado"},"content":{"rendered":"<p><em><strong>Sobre a contrata\u00e7\u00e3o de escrit\u00f3rio de advocacia para o diret\u00f3rio estadual do partido no RJ, ent\u00e3o presidido pelo senador Fl\u00e1vio Bolsonaro, o vice-presidente nacional do partido, deputado Junior Bozzella, emite nota e defende que partido cobre ressarcimento de valores pagos<\/strong><\/em><\/p>\n<p>Na nota, Bozella esclarece que\u00a0o senador Flavio Bolsonaro utilizou, para fins particulares, a contrata\u00e7\u00e3o regular de servi\u00e7os jur\u00eddicos para o diret\u00f3rio estadual que presidia, e que tinha como atribui\u00e7\u00e3o acompanhar de perto a execu\u00e7\u00e3o dos servi\u00e7os. &#8220;\u00c9 torpe a tentativa da defesa de Fl\u00e1vio Bolsonaro de redirecionar as acusa\u00e7\u00f5es ao seu cliente, por uso ilegal de recursos p\u00fablicos, para o diret\u00f3rio nacional do partido, que s\u00f3 efetuou a contrata\u00e7\u00e3o porque o diret\u00f3rio estadual do RJ n\u00e3o se encontrava apto a receber recursos para faze-lo diretamente&#8221;, destaca.<\/p>\n<p>Veja a nota:<\/p>\n<p>&#8220;A respeito da contrata\u00e7\u00e3o do escrit\u00f3rio Granado Advogados Associados, o PSL concedeu ao ent\u00e3o presidente do diret\u00f3rio do RJ, senador Fl\u00e1vio Bolsonaro, a prerrogativa da sele\u00e7\u00e3o e fiscaliza\u00e7\u00e3o dos prestadores de servi\u00e7os para atuar na regulariza\u00e7\u00e3o dos diret\u00f3rios municipais no estado, assim como ocorre com todos os demais diret\u00f3rios estaduais.<\/p>\n<p>Neste caso, segundo reportagem da Folha de S\u00e3o Paulo desta ter\u00e7a, 19\/5, o senador Flavio Bolsonaro utilizou, para fins particulares, a contrata\u00e7\u00e3o regular de servi\u00e7os jur\u00eddicos para o diret\u00f3rio estadual que presidia, e que tinha como atribui\u00e7\u00e3o acompanhar de perto a execu\u00e7\u00e3o dos servi\u00e7os. \u00c9 torpe a tentativa da defesa de Fl\u00e1vio Bolsonaro de redirecionar as acusa\u00e7\u00f5es ao seu cliente, por uso ilegal de recursos p\u00fablicos, para o diret\u00f3rio nacional do partido, que s\u00f3 efetuou a contrata\u00e7\u00e3o porque o diret\u00f3rio estadual do RJ n\u00e3o se encontrava apto a receber recursos para faze-lo diretamente.<\/p>\n<p>Fato \u00e9 que, durante o per\u00edodo de gest\u00e3o de Fl\u00e1vio Bolsonaro e de atua\u00e7\u00e3o do escrit\u00f3rio de advocacia por ele selecionado, apenas 5 dos 87 diret\u00f3rios no RJ se encontravam regulares, motivo pelo qual o contrato foi rescindido pelo partido. O senador deve agora dar as explica\u00e7\u00f5es sobre a utiliza\u00e7\u00e3o do fornecedor para outros fins, que n\u00e3o os quais foi contratado.<\/p>\n<p>Em S\u00e3o Paulo, por exemplo, quando o diret\u00f3rio era presidido pelo deputado Eduardo Bolsonaro, foi contratada a advogada Karina Kufa. Dos 491 munic\u00edpios em que est\u00e1 presente em SP, o PSL tem hoje 461 diret\u00f3rios regularizados, sendo 393 ap\u00f3s a sa\u00edda de Eduardo Bolsonaro e outros 68 antes de sua chegada. Nenhum diret\u00f3rio municipal foi regularizado durante sua gest\u00e3o e a atua\u00e7\u00e3o da advogada Karina Kufa, que hoje trabalha para o Alian\u00e7a pelo Brasil, e a quem o partido cobra na justi\u00e7a o ressarcimento dos valores pagos, por desvio de finalidade. O mesmo deve ocorrer com a Granado em rela\u00e7\u00e3o ao Rio de Janeiro.<\/p>\n<p>Deputado federal Junior Bozzella, vice-presidente nacional do PSL.&#8221;<\/p>\n","protected":false},"excerpt":{"rendered":"<p>Sobre a contrata\u00e7\u00e3o de escrit\u00f3rio de advocacia para o diret\u00f3rio estadual do partido no RJ, ent\u00e3o presidido pelo senador Fl\u00e1vio Bolsonaro, o vice-presidente nacional do partido, deputado Junior Bozzella, emite nota e defende que partido cobre ressarcimento de valores pagos Na nota, Bozella esclarece que\u00a0o senador Flavio Bolsonaro utilizou, para fins particulares, a contrata\u00e7\u00e3o regular de servi\u00e7os jur\u00eddicos para o [&hellip;]<\/p>\n","protected":false},"author":89,"featured_media":0,"comment_status":"open","ping_status":"closed","sticky":false,"template":"","format":"standard","meta":{"footnotes":""},"categories":[2719],"tags":[465,3847,172,17573,3333,17574,2572,70,4382,13780,24,316,4840,2943,5499,362],"class_list":["post-16263","post","type-post","status-publish","format-standard","hentry","category-servidor","tag-advocacia","tag-cliente","tag-contratacao","tag-diretorio","tag-escritorio","tag-flavio-bolsonaro","tag-ilegal","tag-nacional","tag-partido","tag-psl","tag-publicos","tag-recursos","tag-ressarcimento","tag-rj","tag-senador","tag-uso"],"_links":{"self":[{"href":"https:\/\/blogs.correiobraziliense.com.br\/servidor\/wp-json\/wp\/v2\/posts\/16263","targetHints":{"allow":["GET"]}}],"collection":[{"href":"https:\/\/blogs.correiobraziliense.com.br\/servidor\/wp-json\/wp\/v2\/posts"}],"about":[{"href":"https:\/\/blogs.correiobraziliense.com.br\/servidor\/wp-json\/wp\/v2\/types\/post"}],"author":[{"embeddable":true,"href":"https:\/\/blogs.correiobraziliense.com.br\/servidor\/wp-json\/wp\/v2\/users\/89"}],"replies":[{"embeddable":true,"href":"https:\/\/blogs.correiobraziliense.com.br\/servidor\/wp-json\/wp\/v2\/comments?post=16263"}],"version-history":[{"count":0,"href":"https:\/\/blogs.correiobraziliense.com.br\/servidor\/wp-json\/wp\/v2\/posts\/16263\/revisions"}],"wp:attachment":[{"href":"https:\/\/blogs.correiobraziliense.com.br\/servidor\/wp-json\/wp\/v2\/media?parent=16263"}],"wp:term":[{"taxonomy":"category","embeddable":true,"href":"https:\/\/blogs.correiobraziliense.com.br\/servidor\/wp-json\/wp\/v2\/categories?post=16263"},{"taxonomy":"post_tag","embeddable":true,"href":"https:\/\/blogs.correiobraziliense.com.br\/servidor\/wp-json\/wp\/v2\/tags?post=16263"}],"curies":[{"name":"wp","href":"https:\/\/api.w.org\/{rel}","templated":true}]}}