{"id":16257,"date":"2020-05-19T17:06:26","date_gmt":"2020-05-19T20:06:26","guid":{"rendered":"http:\/\/blogs.correiobraziliense.com.br\/servidor\/?p=16257"},"modified":"2020-05-19T17:06:26","modified_gmt":"2020-05-19T20:06:26","slug":"assejus-defende-suspensao-de-pagamento-de-emprestimos-consignados-durante-pandemia","status":"publish","type":"post","link":"https:\/\/blogs.correiobraziliense.com.br\/servidor\/assejus-defende-suspensao-de-pagamento-de-emprestimos-consignados-durante-pandemia\/","title":{"rendered":"Assejus defende suspens\u00e3o de pagamento de empr\u00e9stimos consignados durante pandemia"},"content":{"rendered":"<p><em><strong>A Associa\u00e7\u00e3o dos Servidores da Justi\u00e7a do Distrito Federal (Assejus) enviou, hoje, of\u00edcio ao presidente da C\u00e2mara dos Deputados, Rodrigo Maia (DEM-RJ), solicitando a aprova\u00e7\u00e3o do regime de urg\u00eancia ao Projeto de Lei (PL) n\u00ba 987\/2020, de autoria do deputado federal Jos\u00e9 Guimar\u00e3es (PT\/CE). Com a crise da Covid-19, explica a entidade, milhares de fam\u00edlias est\u00e3o sendo mantidas por funcion\u00e1rios p\u00fablicos<\/strong><\/em><\/p>\n<p>A proposta suspende, inicialmente por tr\u00eas meses, descontos nos vencimentos, subs\u00eddios, soldos, sal\u00e1rios, remunera\u00e7\u00f5es ou benef\u00edcios de valores referentes a empr\u00e9stimos consignados contratados por servidores p\u00fablicos, pensionistas, empregados e aposentados durante a pandemia do novo coronav\u00edrus. &#8220;J\u00e1 s\u00e3o quase 17 mil mortes no Brasil, terceiro pa\u00eds no mundo com o maior n\u00famero de casos confirmados da doen\u00e7a, atr\u00e1s apenas dos Estados Unidos e da R\u00fassia&#8221;, lembra a Assejus.<\/p>\n<p>A entidade lembra que o texto se alinha a outros projetos em andamento para enfrentamento aos efeitos sanit\u00e1rios, sociais e econ\u00f4micos em fun\u00e7\u00e3o da Covid-19, como o Decreto Legislativo n\u00ba 6\/2020, que reconheceu o estado de calamidade p\u00fablica, com efeitos at\u00e9 31 de dezembro de 2020, e a Lei n\u00ba 13.979\/2020, sobre as medidas para enfrentamento de sa\u00fade p\u00fablica de import\u00e2ncia internacional.<\/p>\n<p>O confinamento de trabalhadores dos chamados servi\u00e7os n\u00e3o essenciais e aposentados &#8211; orienta\u00e7\u00e3o das autoridades de sa\u00fade &#8211; tem reflexos na economia, pois afeta diretamente os h\u00e1bitos de consumo da popula\u00e7\u00e3o. &#8220;Al\u00e9m disso, dados do IBGE apontam que o Brasil terminou primeiro trimestre de 2020 com 1,2 milh\u00e3o de pessoas a mais na fila do desemprego. Dessa maneira, milhares de fam\u00edlias passam a ser mantidas por servidores e servidoras do funcionalismo p\u00fablico&#8221;, refor\u00e7a a Assejus.<\/p>\n<p>&#8220;O texto n\u00e3o tem como objetivo anistiar o pagamento dos empr\u00e9stimos consignados contra\u00eddos por trabalhadores e aposentados, mas suspender a cobran\u00e7a pelo per\u00edodo de tr\u00eas meses, prorrog\u00e1veis at\u00e9 que cessem as medidas emergenciais de enfrentamento a Covid-19 no Brasil&#8221;, destaca.<\/p>\n<p>A Assejus enviou, tamb\u00e9m, of\u00edcio a diversas institui\u00e7\u00f5es financeiras com semelhante objetivo de suspens\u00e3o tempor\u00e1ria dos descontos dos empr\u00e9stimos consignados contratados por associados e associadas. &#8220;A entidade entende a urg\u00eancia dessa demanda, pois al\u00e9m da situa\u00e7\u00e3o imposta pelo avan\u00e7o do novo coronav\u00edrus no pa\u00eds, servidores e servidoras t\u00eam enfrentado a estagna\u00e7\u00e3o de seu poder de compra, perdas salariais e o aumento da contribui\u00e7\u00e3o previdenci\u00e1ria&#8221;, reitera.<\/p>\n","protected":false},"excerpt":{"rendered":"<p>A Associa\u00e7\u00e3o dos Servidores da Justi\u00e7a do Distrito Federal (Assejus) enviou, hoje, of\u00edcio ao presidente da C\u00e2mara dos Deputados, Rodrigo Maia (DEM-RJ), solicitando a aprova\u00e7\u00e3o do regime de urg\u00eancia ao Projeto de Lei (PL) n\u00ba 987\/2020, de autoria do deputado federal Jos\u00e9 Guimar\u00e3es (PT\/CE). Com a crise da Covid-19, explica a entidade, milhares de fam\u00edlias est\u00e3o sendo mantidas por funcion\u00e1rios [&hellip;]<\/p>\n","protected":false},"author":89,"featured_media":0,"comment_status":"open","ping_status":"closed","sticky":false,"template":"","format":"standard","meta":{"footnotes":""},"categories":[2719],"tags":[345,17569,61,1331,10474,16896,17256,891,3914,1341,1746,151,17255,17570,17571,58,2423],"class_list":["post-16257","post","type-post","status-publish","format-standard","hentry","category-servidor","tag-aposentados","tag-assejus","tag-camara","tag-consignados","tag-contaminacao","tag-coronavirus","tag-covid-19","tag-empregados","tag-emprestimos","tag-funcionarios","tag-morte","tag-pagamento","tag-pandemia","tag-pl-987-2020","tag-regime-de-urgencia","tag-servidores","tag-suspensao"],"_links":{"self":[{"href":"https:\/\/blogs.correiobraziliense.com.br\/servidor\/wp-json\/wp\/v2\/posts\/16257","targetHints":{"allow":["GET"]}}],"collection":[{"href":"https:\/\/blogs.correiobraziliense.com.br\/servidor\/wp-json\/wp\/v2\/posts"}],"about":[{"href":"https:\/\/blogs.correiobraziliense.com.br\/servidor\/wp-json\/wp\/v2\/types\/post"}],"author":[{"embeddable":true,"href":"https:\/\/blogs.correiobraziliense.com.br\/servidor\/wp-json\/wp\/v2\/users\/89"}],"replies":[{"embeddable":true,"href":"https:\/\/blogs.correiobraziliense.com.br\/servidor\/wp-json\/wp\/v2\/comments?post=16257"}],"version-history":[{"count":0,"href":"https:\/\/blogs.correiobraziliense.com.br\/servidor\/wp-json\/wp\/v2\/posts\/16257\/revisions"}],"wp:attachment":[{"href":"https:\/\/blogs.correiobraziliense.com.br\/servidor\/wp-json\/wp\/v2\/media?parent=16257"}],"wp:term":[{"taxonomy":"category","embeddable":true,"href":"https:\/\/blogs.correiobraziliense.com.br\/servidor\/wp-json\/wp\/v2\/categories?post=16257"},{"taxonomy":"post_tag","embeddable":true,"href":"https:\/\/blogs.correiobraziliense.com.br\/servidor\/wp-json\/wp\/v2\/tags?post=16257"}],"curies":[{"name":"wp","href":"https:\/\/api.w.org\/{rel}","templated":true}]}}