{"id":16251,"date":"2020-05-19T11:10:54","date_gmt":"2020-05-19T14:10:54","guid":{"rendered":"http:\/\/blogs.correiobraziliense.com.br\/servidor\/?p=16251"},"modified":"2020-05-19T11:10:54","modified_gmt":"2020-05-19T14:10:54","slug":"inmetro-comemora-dia-da-metrologia-20-de-maio-com-bate-papo-no-youtube","status":"publish","type":"post","link":"https:\/\/blogs.correiobraziliense.com.br\/servidor\/inmetro-comemora-dia-da-metrologia-20-de-maio-com-bate-papo-no-youtube\/","title":{"rendered":"Inmetro comemora Dia da Metrologia (20 de maio) com bate-papo no YouTube"},"content":{"rendered":"<p><em><strong>Live sobre &#8220;As medi\u00e7\u00f5es para o com\u00e9rcio global&#8221; ser\u00e1 transmitida ao vivo amanh\u00e3, dia 20 de maio, a partir das 18 horas, com a participa\u00e7\u00e3o de especialistas do Inmetro e do Canal Metrologia<\/strong><\/em><\/p>\n<p>Todos os anos, no dia 20 de maio, \u00e9 comemorado o Dia Mundial da Metrologia. Este ano, o tema \u00e9 \u2018As medi\u00e7\u00f5es para o com\u00e9rcio global\u2019, escolhido para destacar o importante papel que a metrologia desempenha na facilita\u00e7\u00e3o do com\u00e9rcio global justo. &#8220;Para celebrar a data em grande estilo, o Inmetro promover\u00e1 uma live no YouTube, quarta-feira, 20, a partir das 18 h&#8221;, informa a Associa\u00e7\u00e3o dos Funcion\u00e1rios do \u00f3rg\u00e3o (Asmetro).<\/p>\n<p>Dividido em quatro blocos, o debate ter\u00e1 a participa\u00e7\u00e3o do coordenador-geral de estrutura laboratorial da Diretoria de Metrologia Cient\u00edfica e Tecnologia, Valnei Cunha; do editor do Canal Metrologia, Cresivando Fernandes; e do pesquisador Rafael Vaz, do Centro de Capacita\u00e7\u00e3o do Inmetro. Rafael conduzir\u00e1 o bate-papo sobre metrologia, o papel fundamental do Inmetro no dia a dia, do cidad\u00e3o \u00e0 ind\u00fastria em geral, e sobre o cotidiano da institui\u00e7\u00e3o e sua infraestrutura laboratorial \u2013 al\u00e9m de novidades do Canal Metrologia e sua intera\u00e7\u00e3o com o p\u00fablico. O p\u00fablico poder\u00e1 participar, enviando perguntas pelo chat.<\/p>\n<p>O Dia Mundial da Metrologia \u00e9 a celebra\u00e7\u00e3o anual da assinatura da Conven\u00e7\u00e3o do Metro por representantes de 17 pa\u00edses e atualmente comemorada em 80 pa\u00edses.<\/p>\n<p>O projeto do Dia Mundial da Metrologia \u00e9 realizado em conjunto pelo Bureau Internacional de Pesos e Medidas (BIPM) e pela Organiza\u00e7\u00e3o Internacional de Metrologia Legal (OIML).<\/p>\n<p>Para participar da live, <a href=\"https:\/\/www.youtube.com\/tvinmetro\">acesse o canal do Inmetro no Youtube<\/a>.<\/p>\n","protected":false},"excerpt":{"rendered":"<p>Live sobre &#8220;As medi\u00e7\u00f5es para o com\u00e9rcio global&#8221; ser\u00e1 transmitida ao vivo amanh\u00e3, dia 20 de maio, a partir das 18 horas, com a participa\u00e7\u00e3o de especialistas do Inmetro e do Canal Metrologia Todos os anos, no dia 20 de maio, \u00e9 comemorado o Dia Mundial da Metrologia. Este ano, o tema \u00e9 \u2018As medi\u00e7\u00f5es para o com\u00e9rcio global\u2019, escolhido [&hellip;]<\/p>\n","protected":false},"author":89,"featured_media":0,"comment_status":"open","ping_status":"closed","sticky":false,"template":"","format":"standard","meta":{"footnotes":""},"categories":[2719],"tags":[4901,17567,382,2699,1495,17568,485,17341,9498],"class_list":["post-16251","post","type-post","status-publish","format-standard","hentry","category-servidor","tag-comercio","tag-dia-mundial-da-metrologia","tag-especialistas","tag-global","tag-industria","tag-infraestruturaia","tag-inmetro","tag-live","tag-medicoes"],"_links":{"self":[{"href":"https:\/\/blogs.correiobraziliense.com.br\/servidor\/wp-json\/wp\/v2\/posts\/16251","targetHints":{"allow":["GET"]}}],"collection":[{"href":"https:\/\/blogs.correiobraziliense.com.br\/servidor\/wp-json\/wp\/v2\/posts"}],"about":[{"href":"https:\/\/blogs.correiobraziliense.com.br\/servidor\/wp-json\/wp\/v2\/types\/post"}],"author":[{"embeddable":true,"href":"https:\/\/blogs.correiobraziliense.com.br\/servidor\/wp-json\/wp\/v2\/users\/89"}],"replies":[{"embeddable":true,"href":"https:\/\/blogs.correiobraziliense.com.br\/servidor\/wp-json\/wp\/v2\/comments?post=16251"}],"version-history":[{"count":0,"href":"https:\/\/blogs.correiobraziliense.com.br\/servidor\/wp-json\/wp\/v2\/posts\/16251\/revisions"}],"wp:attachment":[{"href":"https:\/\/blogs.correiobraziliense.com.br\/servidor\/wp-json\/wp\/v2\/media?parent=16251"}],"wp:term":[{"taxonomy":"category","embeddable":true,"href":"https:\/\/blogs.correiobraziliense.com.br\/servidor\/wp-json\/wp\/v2\/categories?post=16251"},{"taxonomy":"post_tag","embeddable":true,"href":"https:\/\/blogs.correiobraziliense.com.br\/servidor\/wp-json\/wp\/v2\/tags?post=16251"}],"curies":[{"name":"wp","href":"https:\/\/api.w.org\/{rel}","templated":true}]}}