{"id":1625,"date":"2016-04-29T18:05:59","date_gmt":"2016-04-29T21:05:59","guid":{"rendered":"https:\/\/blogs.correiobraziliense.com.br\/servidor\/?p=1625"},"modified":"2016-04-29T18:05:59","modified_gmt":"2016-04-29T21:05:59","slug":"governo-autoriza-nomeacao-de-2014-servidores-para-carreira-administrativa-da-pf","status":"publish","type":"post","link":"https:\/\/blogs.correiobraziliense.com.br\/servidor\/governo-autoriza-nomeacao-de-2014-servidores-para-carreira-administrativa-da-pf\/","title":{"rendered":"GOVERNO AUTORIZA NOMEA\u00c7\u00c3O DE 204 SERVIDORES PARA A CARREIRA ADMINISTRATIVA DA PF"},"content":{"rendered":"<p>O Minist\u00e9rio do Planejamento autorizou a nomea\u00e7\u00e3o de 204 excedentes do \u00faltimo concurso para agente administrativo da Pol\u00edcia Federal, realizado em fevereiro de 2014. <a href=\"http:\/\/pesquisa.in.gov.br\/imprensa\/jsp\/visualiza\/index.jsp?data=29\/04\/2016&amp;jornal=1&amp;pagina=61&amp;totalArquivos=256\" target=\"_blank\"><span style=\"color: #0066cc\">A medida foi publicada no Di\u00e1rio Oficial da Uni\u00e3o desta sexta-feira (29).<\/span><\/a> A distribui\u00e7\u00e3o das vagas entre os estados dever\u00e1 obedecer \u00e0 propor\u00e7\u00e3o estipulada pelo edital do concurso, que ofereceu inicialmente 534 postos para todo o pa\u00eds.<\/p>\n<p>Os novos servidores chegar\u00e3o \u00e0 Pol\u00edcia Federal j\u00e1 com uma miss\u00e3o: substituir m\u00e3o de obra terceirizada que atua irregularmente no \u00f3rg\u00e3o. A determina\u00e7\u00e3o \u00e9 do pr\u00f3prio Planejamento, que condicionou a nomea\u00e7\u00e3o do cadastro reserva \u00e0 substitui\u00e7\u00e3o de 204 funcion\u00e1rios terceirizados que hoje desempenham atividades de compet\u00eancia exclusiva de servidores p\u00fablicos.<\/p>\n<p>A medida atende determina\u00e7\u00e3o do Tribunal de Contas da Uni\u00e3o, que, ap\u00f3s uma s\u00e9rie de den\u00fancias apresentadas pelo SinpecPF (sindicato que representa os servidores administrativos), condenou a presen\u00e7a de terceirizados em atribui\u00e7\u00f5es legais da Pol\u00edcia Federal.<\/p>\n<p>Para o SinpecPF, a autoriza\u00e7\u00e3o para a nomea\u00e7\u00e3o dos excedentes \u00e9 uma importante vit\u00f3ria da categoria administrativa. \u201cSofremos hoje com a falta de servidores e um refor\u00e7o no quadro \u00e9 important\u00edssimo, especialmente quando combate a terceiriza\u00e7\u00e3o irregular\u201d, afirma \u00c9der Fernando da Silva, presidente da entidade.\u00a0 A medida, contudo, n\u00e3o dever\u00e1 solucionar a car\u00eancia de pessoal na classe. \u201cPrecisamos de muito mais gente\u201d, avalia o presidente.<\/p>\n<p>Ap\u00f3s a nomea\u00e7\u00e3o dos novos servidores, o sindicato centrar\u00e1 esfor\u00e7os na cria\u00e7\u00e3o de novas vagas para a categoria. \u201cPara acabar de vez com a terceiriza\u00e7\u00e3o irregular e com a cess\u00e3o de funcion\u00e1rios da Infraero, precisamos de algo em torno de 5 mil novas vagas para administrativos\u201d, pontua \u00c9der. A estimativa \u00e9 endossada pelas entidades de classe que representam os policiais federais, que tamb\u00e9m se queixam da falta de pessoal na \u00e1rea. Um projeto de lei que prev\u00ea a cria\u00e7\u00e3o de novas 683 vagas est\u00e1 em an\u00e1lise no Congresso Nacional.<\/p>\n","protected":false},"excerpt":{"rendered":"<p>O Minist\u00e9rio do Planejamento autorizou a nomea\u00e7\u00e3o de 204 excedentes do \u00faltimo concurso para agente administrativo da Pol\u00edcia Federal, realizado em fevereiro de 2014. A medida foi publicada no Di\u00e1rio Oficial da Uni\u00e3o desta sexta-feira (29). A distribui\u00e7\u00e3o das vagas entre os estados dever\u00e1 obedecer \u00e0 propor\u00e7\u00e3o estipulada pelo edital do concurso, que ofereceu inicialmente 534 postos para todo o [&hellip;]<\/p>\n","protected":false},"author":27,"featured_media":0,"comment_status":"open","ping_status":"closed","sticky":false,"template":"","format":"standard","meta":{"footnotes":""},"categories":[1],"tags":[1314,121,188,1147,2022,98,307,104,2023,1090],"class_list":["post-1625","post","type-post","status-publish","format-standard","hentry","category-sem-categoria","tag-administrativa","tag-autoriza","tag-carreira","tag-concursados","tag-excedentes","tag-governo","tag-nomeacao","tag-policia-federal","tag-substituicao","tag-terceirizados"],"_links":{"self":[{"href":"https:\/\/blogs.correiobraziliense.com.br\/servidor\/wp-json\/wp\/v2\/posts\/1625","targetHints":{"allow":["GET"]}}],"collection":[{"href":"https:\/\/blogs.correiobraziliense.com.br\/servidor\/wp-json\/wp\/v2\/posts"}],"about":[{"href":"https:\/\/blogs.correiobraziliense.com.br\/servidor\/wp-json\/wp\/v2\/types\/post"}],"author":[{"embeddable":true,"href":"https:\/\/blogs.correiobraziliense.com.br\/servidor\/wp-json\/wp\/v2\/users\/27"}],"replies":[{"embeddable":true,"href":"https:\/\/blogs.correiobraziliense.com.br\/servidor\/wp-json\/wp\/v2\/comments?post=1625"}],"version-history":[{"count":1,"href":"https:\/\/blogs.correiobraziliense.com.br\/servidor\/wp-json\/wp\/v2\/posts\/1625\/revisions"}],"predecessor-version":[{"id":1626,"href":"https:\/\/blogs.correiobraziliense.com.br\/servidor\/wp-json\/wp\/v2\/posts\/1625\/revisions\/1626"}],"wp:attachment":[{"href":"https:\/\/blogs.correiobraziliense.com.br\/servidor\/wp-json\/wp\/v2\/media?parent=1625"}],"wp:term":[{"taxonomy":"category","embeddable":true,"href":"https:\/\/blogs.correiobraziliense.com.br\/servidor\/wp-json\/wp\/v2\/categories?post=1625"},{"taxonomy":"post_tag","embeddable":true,"href":"https:\/\/blogs.correiobraziliense.com.br\/servidor\/wp-json\/wp\/v2\/tags?post=1625"}],"curies":[{"name":"wp","href":"https:\/\/api.w.org\/{rel}","templated":true}]}}