{"id":16234,"date":"2020-05-17T18:12:15","date_gmt":"2020-05-17T21:12:15","guid":{"rendered":"http:\/\/blogs.correiobraziliense.com.br\/servidor\/?p=16234"},"modified":"2020-05-17T18:12:15","modified_gmt":"2020-05-17T21:12:15","slug":"policia-federal-esclarece-fatos-narrados-pela-imprensa-neste-final-de-semana","status":"publish","type":"post","link":"https:\/\/blogs.correiobraziliense.com.br\/servidor\/policia-federal-esclarece-fatos-narrados-pela-imprensa-neste-final-de-semana\/","title":{"rendered":"Pol\u00edcia Federal esclarece fatos narrados pela imprensa neste final de semana"},"content":{"rendered":"<p><em><strong>Por meio de nota, a assessoria de imprensa da Pol\u00edcia Federal esclarece pontos em rela\u00e7\u00e3o \u00e0 mat\u00e9ria &#8220;PF antecipou a Fl\u00e1vio Bolsonaro que Queiroz seria alvo de opera\u00e7\u00e3o&#8221;, do jornal Folha de SP, ontem (16\/5) e afirma que &#8220;todas as not\u00edcias de eventual desvio de conduta devem ser apuradas e, nesse sentido, foi determinada, na data de hoje, a instaura\u00e7\u00e3o de novo procedimento espec\u00edfico para a apura\u00e7\u00e3o dos fatos apontados&#8221;<\/strong><\/em><\/p>\n<p>De acordo com a nota, a Pol\u00edcia Federal se notabilizou por sua atua\u00e7\u00e3o firme, isenta e imparcial no combate \u00e0 criminalidade, dentro de suas atribui\u00e7\u00f5es legais e constitucionais.<\/p>\n<p>Veja a nota na \u00edntegra:<\/p>\n<p>&#8220;A mat\u00e9ria jornal\u00edstica em quest\u00e3o aponta a eventual atua\u00e7\u00e3o em fatos irregulares, de pessoa alegadamente identificada como policial federal, no bojo da denominada opera\u00e7\u00e3o &#8220;Furna da On\u00e7a&#8221;.<\/p>\n<p>A referida opera\u00e7\u00e3o policial foi deflagrada no Rio de Janeiro em 08\/11\/2018, tendo os respectivos mandados judiciais sido expedidos pelo Tribunal Regional Federal da 2\u00b0 Regi\u00e3o, por representa\u00e7\u00e3o do Minist\u00e9rio P\u00fablico Federal, em 31\/10\/2018, portanto, poucos dias \u00fateis antes da sua deflagra\u00e7\u00e3o.<\/p>\n<p>Esclarece-se, ainda, que not\u00edcia anterior, sobre suposto vazamento de informa\u00e7\u00f5es na opera\u00e7\u00e3o &#8220;Furna da On\u00e7a&#8221;, foi regularmente investigada pela PF atrav\u00e9s do Inqu\u00e9rito Policial n\u00b0 01\/2019, que encontra-se relatado.<\/p>\n<p>Todas as not\u00edcias de eventual desvio de conduta devem ser apuradas e, nesse sentido, foi determinada, na data de hoje, a instaura\u00e7\u00e3o de novo procedimento espec\u00edfico para a apura\u00e7\u00e3o dos fatos apontados&#8221;.<\/p>\n","protected":false},"excerpt":{"rendered":"<p>Por meio de nota, a assessoria de imprensa da Pol\u00edcia Federal esclarece pontos em rela\u00e7\u00e3o \u00e0 mat\u00e9ria &#8220;PF antecipou a Fl\u00e1vio Bolsonaro que Queiroz seria alvo de opera\u00e7\u00e3o&#8221;, do jornal Folha de SP, ontem (16\/5) e afirma que &#8220;todas as not\u00edcias de eventual desvio de conduta devem ser apuradas e, nesse sentido, foi determinada, na data de hoje, a instaura\u00e7\u00e3o [&hellip;]<\/p>\n","protected":false},"author":89,"featured_media":0,"comment_status":"open","ping_status":"closed","sticky":false,"template":"","format":"standard","meta":{"footnotes":""},"categories":[2719],"tags":[1458,3568,888,5533,1181,282,13857,319,104,17116],"class_list":["post-16234","post","type-post","status-publish","format-standard","hentry","category-servidor","tag-apuracao","tag-conduta","tag-desvio","tag-fatos","tag-imprensa","tag-operacao","tag-operacao-furna-da-onca","tag-pf","tag-policia-federal","tag-queiroz"],"_links":{"self":[{"href":"https:\/\/blogs.correiobraziliense.com.br\/servidor\/wp-json\/wp\/v2\/posts\/16234","targetHints":{"allow":["GET"]}}],"collection":[{"href":"https:\/\/blogs.correiobraziliense.com.br\/servidor\/wp-json\/wp\/v2\/posts"}],"about":[{"href":"https:\/\/blogs.correiobraziliense.com.br\/servidor\/wp-json\/wp\/v2\/types\/post"}],"author":[{"embeddable":true,"href":"https:\/\/blogs.correiobraziliense.com.br\/servidor\/wp-json\/wp\/v2\/users\/89"}],"replies":[{"embeddable":true,"href":"https:\/\/blogs.correiobraziliense.com.br\/servidor\/wp-json\/wp\/v2\/comments?post=16234"}],"version-history":[{"count":0,"href":"https:\/\/blogs.correiobraziliense.com.br\/servidor\/wp-json\/wp\/v2\/posts\/16234\/revisions"}],"wp:attachment":[{"href":"https:\/\/blogs.correiobraziliense.com.br\/servidor\/wp-json\/wp\/v2\/media?parent=16234"}],"wp:term":[{"taxonomy":"category","embeddable":true,"href":"https:\/\/blogs.correiobraziliense.com.br\/servidor\/wp-json\/wp\/v2\/categories?post=16234"},{"taxonomy":"post_tag","embeddable":true,"href":"https:\/\/blogs.correiobraziliense.com.br\/servidor\/wp-json\/wp\/v2\/tags?post=16234"}],"curies":[{"name":"wp","href":"https:\/\/api.w.org\/{rel}","templated":true}]}}