{"id":16230,"date":"2020-05-17T17:51:34","date_gmt":"2020-05-17T20:51:34","guid":{"rendered":"http:\/\/blogs.correiobraziliense.com.br\/servidor\/?p=16230"},"modified":"2020-05-17T17:51:34","modified_gmt":"2020-05-17T20:51:34","slug":"peticao-para-impeachment-de-bolsonaro-ganha-forca","status":"publish","type":"post","link":"https:\/\/blogs.correiobraziliense.com.br\/servidor\/peticao-para-impeachment-de-bolsonaro-ganha-forca\/","title":{"rendered":"Peti\u00e7\u00e3o para impeachment de Bolsonaro ganha for\u00e7a"},"content":{"rendered":"<p><em><strong>Uma peti\u00e7\u00e3o online pela sa\u00edda do presidente Jair Bolsonaro do Pal\u00e1cio do Planalto voltou a ser acessada e novamente divulgada pelos opositores do chefe do Executivo nas redes sociais (<a href=\"https:\/\/peticaopublica.org\/assine\/impeachment-de-jair-bolsonaro\/\">https:\/\/peticaopublica.org\/assine\/impeachment-de-jair-bolsonaro\/<\/a>). Faltam at\u00e9 o momento apenas 1.464 assinaturas para chegar \u00e0 meta de 30 mil<\/strong><\/em><\/p>\n<p>O documento aponta que\u00a0Jair Bolsonaro passou de todos os limites e n\u00e3o tem a menor condi\u00e7\u00e3o de seguir governando o destino de mais de 200 milh\u00f5es de brasileiras e brasileiros. Isso porque, de acordo com o texto, al\u00e9m de cometer crimes de responsabilidade desde o primeiro dia em que pisou no Pal\u00e1cio do Planalto, ele, agora, atua de forma irrespons\u00e1vel e criminosa durante a crise do coronav\u00edrus.<\/p>\n<p>Apesar dos exemplos de outros pa\u00edses, que fazem esfor\u00e7os conjuntos sem precedentes para conter a crise do coronav\u00edrus, &#8220;o presidente brasileiro trata a pandemia desde o primeiro dia como uma \u201chisteria\u201d da imprensa. Enquanto isso, o n\u00famero de infectados no Brasil n\u00e3o para de crescer, inclusive com o registro das primeiras mortes&#8221;, refor\u00e7a<\/p>\n<p>&#8220;N\u00e3o bastasse a incompet\u00eancia, o presidente convocou manifesta\u00e7\u00f5es golpistas de apoio ao seu governo justamente no momento em que as autoridades sanit\u00e1rias tentavam convencer a popula\u00e7\u00e3o a evitar aglomera\u00e7\u00f5es. Mesmo tendo diversos membros de seu governo infectados, o presidente cometeu o gesto temer\u00e1rio e irrespons\u00e1vel de se juntar aos seus apoiadores, assumindo o risco de infect\u00e1-los. Uma atitude criminosa de um homem que deveria liderar o pa\u00eds e dar exemplo para o seu povo.<\/p>\n<p>O Brasil n\u00e3o aguenta mais. Passou da hora de darmos um basta nesse presidente criminoso, incompetente e irrespons\u00e1vel. Apoie o pedido do impeachment de Jair Bolsonaro. Nossa meta \u00e9 entregar 1 milh\u00e3o de assinaturas ao Congresso Nacional. Assine a peti\u00e7\u00e3o e divulgue o m\u00e1ximo que puder. Ele n\u00e3o pode continuar&#8221;.<\/p>\n","protected":false},"excerpt":{"rendered":"<p>Uma peti\u00e7\u00e3o online pela sa\u00edda do presidente Jair Bolsonaro do Pal\u00e1cio do Planalto voltou a ser acessada e novamente divulgada pelos opositores do chefe do Executivo nas redes sociais (https:\/\/peticaopublica.org\/assine\/impeachment-de-jair-bolsonaro\/). Faltam at\u00e9 o momento apenas 1.464 assinaturas para chegar \u00e0 meta de 30 mil O documento aponta que\u00a0Jair Bolsonaro passou de todos os limites e n\u00e3o tem a menor condi\u00e7\u00e3o [&hellip;]<\/p>\n","protected":false},"author":89,"featured_media":0,"comment_status":"open","ping_status":"closed","sticky":false,"template":"","format":"standard","meta":{"footnotes":""},"categories":[2719],"tags":[16896,366,17562,1884,17375,13649,5039,4658,2724,5166,1345],"class_list":["post-16230","post","type-post","status-publish","format-standard","hentry","category-servidor","tag-coronavirus","tag-crise","tag-executivo-crimes","tag-impeachment","tag-infectados","tag-jair-bolsonaro","tag-mortes","tag-online","tag-peticao","tag-presidente-da-republica","tag-responsabilidade"],"_links":{"self":[{"href":"https:\/\/blogs.correiobraziliense.com.br\/servidor\/wp-json\/wp\/v2\/posts\/16230","targetHints":{"allow":["GET"]}}],"collection":[{"href":"https:\/\/blogs.correiobraziliense.com.br\/servidor\/wp-json\/wp\/v2\/posts"}],"about":[{"href":"https:\/\/blogs.correiobraziliense.com.br\/servidor\/wp-json\/wp\/v2\/types\/post"}],"author":[{"embeddable":true,"href":"https:\/\/blogs.correiobraziliense.com.br\/servidor\/wp-json\/wp\/v2\/users\/89"}],"replies":[{"embeddable":true,"href":"https:\/\/blogs.correiobraziliense.com.br\/servidor\/wp-json\/wp\/v2\/comments?post=16230"}],"version-history":[{"count":0,"href":"https:\/\/blogs.correiobraziliense.com.br\/servidor\/wp-json\/wp\/v2\/posts\/16230\/revisions"}],"wp:attachment":[{"href":"https:\/\/blogs.correiobraziliense.com.br\/servidor\/wp-json\/wp\/v2\/media?parent=16230"}],"wp:term":[{"taxonomy":"category","embeddable":true,"href":"https:\/\/blogs.correiobraziliense.com.br\/servidor\/wp-json\/wp\/v2\/categories?post=16230"},{"taxonomy":"post_tag","embeddable":true,"href":"https:\/\/blogs.correiobraziliense.com.br\/servidor\/wp-json\/wp\/v2\/tags?post=16230"}],"curies":[{"name":"wp","href":"https:\/\/api.w.org\/{rel}","templated":true}]}}