{"id":16224,"date":"2020-05-15T18:35:25","date_gmt":"2020-05-15T21:35:25","guid":{"rendered":"http:\/\/blogs.correiobraziliense.com.br\/servidor\/?p=16224"},"modified":"2020-05-15T18:35:25","modified_gmt":"2020-05-15T21:35:25","slug":"federacao-e-associacoes-de-bancarios-da-caixa-cobram-solucoes-definitivas-para-filas-e-condicoes-dignas-de-trabalho","status":"publish","type":"post","link":"https:\/\/blogs.correiobraziliense.com.br\/servidor\/federacao-e-associacoes-de-bancarios-da-caixa-cobram-solucoes-definitivas-para-filas-e-condicoes-dignas-de-trabalho\/","title":{"rendered":"Federa\u00e7\u00e3o e  associa\u00e7\u00f5es de banc\u00e1rios da Caixa cobram solu\u00e7\u00f5es definitivas para filas e condi\u00e7\u00f5es dignas de trabalho"},"content":{"rendered":"<p><em><strong>Documento, divulgado nessa sexta-feira (15), refor\u00e7a a defesa de descentraliza\u00e7\u00e3o do pagamento do aux\u00edlio emergencial, ampla campanha informativa \u00e0 popula\u00e7\u00e3o e envolvimento de governos estaduais e prefeituras no processo de cadastramento do benef\u00edcio<\/strong><\/em><\/p>\n<p>A Federa\u00e7\u00e3o Nacional das Associa\u00e7\u00f5es do Pessoal da Caixa Econ\u00f4mica Federal (Fenae) e as 27 associa\u00e7\u00f5es filiadas \u00e0 Fenae (Apcefs) lan\u00e7aram, nesta sexta-feira (15), um manifesto em que condenam a falta de medidas eficazes, por parte do governo, para solucionar as filas nas ag\u00eancias, em consequ\u00eancia da centraliza\u00e7\u00e3o do pagamento do aux\u00edlio emergencial na Caixa, pelo governo federal.<\/p>\n<p>No documento, a entidades reivindicam a\u00e7\u00f5es definitivas para a solu\u00e7\u00e3o das aglomera\u00e7\u00f5es, registradas desde o in\u00edcio do pagamento do benef\u00edcio (em 9 de abril) e que colocam em risco a sa\u00fade da popula\u00e7\u00e3o e dos trabalhadores do banco.<\/p>\n<p>Entre as medidas defendidas no manifesto, a Fenae e as Apcefs destacam, al\u00e9m da descentraliza\u00e7\u00e3o do pagamento do aux\u00edlio, a massifica\u00e7\u00e3o de informa\u00e7\u00f5es \u00e0 sociedade por meio de ampla campanha de esclarecimento sobre o benef\u00edcio \u2014 considerando que boa parte das filas \u00e9 pela falta de orienta\u00e7\u00e3o aos benefici\u00e1rios da renda m\u00ednima emergencial \u2014 e\u00a0 parcerias com estados e munic\u00edpios com o objetivo de orientar, cadastrar ou recadastrar as pessoas que encontram dificuldades na solicita\u00e7\u00e3o do aux\u00edlio.<\/p>\n<p>\u201cO caos instalado nas ag\u00eancias \u00e9 o retrato da incompet\u00eancia de um governo que n\u00e3o d\u00e1 aten\u00e7\u00e3o aos mais carentes e deixa que recaia sobre os empregados do banco o descontentamento com os erros cometidos em todo o processo de concess\u00e3o e pagamento do benef\u00edcio e de combate \u00e0 pobreza no Brasil\u201d, destacam as entidades.<\/p>\n<p>Desde que o aux\u00edlio emergencial entrou em vigor, os movimentos sindical e associativo alertaram a dire\u00e7\u00e3o da Caixa sobre os riscos da centraliza\u00e7\u00e3o do pagamento. \u201cFalta de informa\u00e7\u00f5es, falhas em aplicativos e a concentra\u00e7\u00e3o do pagamento do aux\u00edlio emergencial em apenas um banco geraram o clima de estresse e indigna\u00e7\u00e3o nas ag\u00eancias da Caixa, al\u00e9m de amea\u00e7as f\u00edsicas aos banc\u00e1rios, dentre outros transtornos\u201d, denunciam as entidades.<\/p>\n<p>Para o presidente da Fenae, S\u00e9rgio Takemoto, faltou planejamento por parte do governo federal. \u201cFizemos diversas reivindica\u00e7\u00f5es \u00e0 dire\u00e7\u00e3o do banco e a outros \u00f3rg\u00e3os do Executivo \u2014 inclusive, ao ministro da Sa\u00fade, Nelson Teich \u2014 solicitando que medidas efetivas fossem tomadas em prote\u00e7\u00e3o \u00e0 sa\u00fade das pessoas e dos banc\u00e1rios. N\u00e3o nos ouviram e quem est\u00e1 sofrendo s\u00e3o os milh\u00f5es de brasileiros e os cerca de 50 mil trabalhadores da Caixa \u00e0 frente deste atendimento essencial \u00e0 popula\u00e7\u00e3o\u201d, acrescenta Takemoto.<\/p>\n<p>No manifesto, as representa\u00e7\u00f5es dos empregados da Caixa observam preocupa\u00e7\u00e3o com o iminente agravamento do problema. Isto porque, neste m\u00eas de maio, al\u00e9m da segunda parcela do aux\u00edlio emergencial que come\u00e7ar\u00e1 a ser paga a partir da pr\u00f3xima segunda-feira (18), est\u00e1 previsto o pagamento do Benef\u00edcio Emergencial de Preserva\u00e7\u00e3o do Emprego e da Renda. Ele \u00e9 destinado aos trabalhadores que tiveram redu\u00e7\u00e3o de jornada de trabalho e de sal\u00e1rio ou suspens\u00e3o tempor\u00e1ria do contrato de trabalho em fun\u00e7\u00e3o da crise causada pela pandemia do coronav\u00edrus, o que pode gerar um novo fluxo de quase 24 milh\u00f5es de benefici\u00e1rios.<\/p>\n<p>\u201cTodos os dias, recebemos not\u00edcias de novos banc\u00e1rios da Caixa contaminados, al\u00e9m de informa\u00e7\u00f5es sobre \u00f3bitos e as centenas de casos suspeitos. N\u00e3o podemos deixar de citar tamb\u00e9m os relatos, que chegam \u00e0s entidades, de trabalhadores estressados e com risco de adoecimento mental, por conta da press\u00e3o\u201d, destacam a Fenae e as Apcefs. \u201cN\u00fameros que poderiam ser maiores se n\u00e3o fosse a atua\u00e7\u00e3o das entidades representativas junto \u00e0 dire\u00e7\u00e3o do banco para assegurar equipamentos de prote\u00e7\u00e3o individual (EPIs) \u2014 como m\u00e1scaras e luvas \u2014 e outras medidas protetivas, como o teletrabalho para os empregados que se enquadram no grupo de risco e o sistema de revezamento com home office\u201d, afirmam.<\/p>\n<p>As entidades tamb\u00e9m cobram mais respeito e reconhecimento \u201caos trabalhadores, que est\u00e3o na linha de frente do atendimento, se desdobrando para fazer o melhor \u00e0s pessoas que procuram a Caixa\u201d. A Fenae e a as Apcefs refor\u00e7am, ainda, que \u201c\u00e9 necess\u00e1rio que o banco ofere\u00e7a condi\u00e7\u00f5es dignas de trabalho e pare de colocar em risco a sa\u00fade e a vida da categoria\u201d.<\/p>\n<p>Veja a <a href=\"https:\/\/www.fenae.org.br\/portal\/data\/files\/49\/17\/B8\/27\/0F912710779FD027403A91A8\/CartaManifesto-15-05-20.pdf\">\u00edntegra<\/a> do manifesto.<\/p>\n<p>&nbsp;<\/p>\n","protected":false},"excerpt":{"rendered":"<p>Documento, divulgado nessa sexta-feira (15), refor\u00e7a a defesa de descentraliza\u00e7\u00e3o do pagamento do aux\u00edlio emergencial, ampla campanha informativa \u00e0 popula\u00e7\u00e3o e envolvimento de governos estaduais e prefeituras no processo de cadastramento do benef\u00edcio A Federa\u00e7\u00e3o Nacional das Associa\u00e7\u00f5es do Pessoal da Caixa Econ\u00f4mica Federal (Fenae) e as 27 associa\u00e7\u00f5es filiadas \u00e0 Fenae (Apcefs) lan\u00e7aram, nesta sexta-feira (15), um manifesto em [&hellip;]<\/p>\n","protected":false},"author":89,"featured_media":0,"comment_status":"open","ping_status":"closed","sticky":false,"template":"","format":"standard","meta":{"footnotes":""},"categories":[2719],"tags":[3902,17262,1013,852,11370,701,305,1383,1689,899,851,98,17557,151,545,4904,1360,261],"class_list":["post-16224","post","type-post","status-publish","format-standard","hentry","category-servidor","tag-associacoes","tag-auxilio-emergencial","tag-bancarios","tag-beneficios","tag-cadastramento","tag-caixa-economica-federal","tag-campanha","tag-condicoes","tag-estaduais","tag-federacao","tag-filhas","tag-governo","tag-informativa","tag-pagamento","tag-populacao","tag-prefeituras","tag-solucoes","tag-trabalho"],"_links":{"self":[{"href":"https:\/\/blogs.correiobraziliense.com.br\/servidor\/wp-json\/wp\/v2\/posts\/16224","targetHints":{"allow":["GET"]}}],"collection":[{"href":"https:\/\/blogs.correiobraziliense.com.br\/servidor\/wp-json\/wp\/v2\/posts"}],"about":[{"href":"https:\/\/blogs.correiobraziliense.com.br\/servidor\/wp-json\/wp\/v2\/types\/post"}],"author":[{"embeddable":true,"href":"https:\/\/blogs.correiobraziliense.com.br\/servidor\/wp-json\/wp\/v2\/users\/89"}],"replies":[{"embeddable":true,"href":"https:\/\/blogs.correiobraziliense.com.br\/servidor\/wp-json\/wp\/v2\/comments?post=16224"}],"version-history":[{"count":0,"href":"https:\/\/blogs.correiobraziliense.com.br\/servidor\/wp-json\/wp\/v2\/posts\/16224\/revisions"}],"wp:attachment":[{"href":"https:\/\/blogs.correiobraziliense.com.br\/servidor\/wp-json\/wp\/v2\/media?parent=16224"}],"wp:term":[{"taxonomy":"category","embeddable":true,"href":"https:\/\/blogs.correiobraziliense.com.br\/servidor\/wp-json\/wp\/v2\/categories?post=16224"},{"taxonomy":"post_tag","embeddable":true,"href":"https:\/\/blogs.correiobraziliense.com.br\/servidor\/wp-json\/wp\/v2\/tags?post=16224"}],"curies":[{"name":"wp","href":"https:\/\/api.w.org\/{rel}","templated":true}]}}