{"id":1621,"date":"2016-04-29T12:48:09","date_gmt":"2016-04-29T15:48:09","guid":{"rendered":"https:\/\/blogs.correiobraziliense.com.br\/servidor\/?p=1621"},"modified":"2016-04-29T12:48:09","modified_gmt":"2016-04-29T15:48:09","slug":"manifestacao-de-vereadores-em-frente-ao-congresso-nacional","status":"publish","type":"post","link":"https:\/\/blogs.correiobraziliense.com.br\/servidor\/manifestacao-de-vereadores-em-frente-ao-congresso-nacional\/","title":{"rendered":"MANIFESTA\u00c7\u00c3O DE VEREADORES EM FRENTE AO CONGRESSO NACIONAL"},"content":{"rendered":"<p><em>A 14\u00aa Marcha dos Vereadores reuniu parlamentares de 340 munic\u00edpios de todo o Brasil. Vereadores estavam reunidos em Bras\u00edlia desde ter\u00e7a-feira. No Brasil h\u00e1 57.261 vereadores, 5.570 munic\u00edpios<br \/>\n<\/em><\/p>\n<p>Mais de cem vereadores, de diversas partes do pa\u00eds fizeram uma manifesta\u00e7\u00e3o em frente ao Congresso Nacional, nesta sexta-feira (29). \u00a0 Um novo pacto federativo, a \u00e9tica e melhor administra\u00e7\u00e3o da m\u00e1quina p\u00fablica s\u00e3o algumas das reivindica\u00e7\u00f5es do grupo.<\/p>\n<p>O presidente da Uni\u00e3o dos Vereadores do Brasil (UVB), que exerce mandato em Ira\u00ed (PMDB- RS), desabafa sobre a atual situa\u00e7\u00e3o dos munic\u00edpios \u201cEstamos em um momento pol\u00edtico e econ\u00f4mico delicado, n\u00e3o h\u00e1 recursos para atender as necessidades b\u00e1sicas das nossas popula\u00e7\u00f5es, falta verba para tudo\u201d disse.<\/p>\n<p>Na quarta-feira, uma comiss\u00e3o especial da entidade com cinquenta membros foi recebida pelo presidente do Senado Renan Calheiros (PMDB-AL), onde entregaram uma carta com 14 reivindica\u00e7\u00f5es e ainda dialogaram sobre o conte\u00fado do texto.<\/p>\n<p>A marcha aconteceu em frente \u00e0 sede do Legislativo e encerrou o cronograma de atividades, que come\u00e7ou na ter\u00e7a-feira com mesa e f\u00f3runs de debates, palestras e participa\u00e7\u00e3o de diversas autoridades, gestores p\u00fablicos no Centro de Conven\u00e7\u00f5es Ulysses Guimar\u00e3es e reuniu 1.300 participantes, 1.180\u00a0 vereadores do pa\u00eds, de 340 munic\u00edpios.<\/p>\n<p>No Brasil h\u00e1 57.261 vereadores, 5.570 munic\u00edpios, as pr\u00f3ximas elei\u00e7\u00f5es acontecem em outubro. A UVB entidade, que representa o legislativo municipalista, atua desde 1964. A 15\u00aa Marcha dos Vereadores, acontece em 2017 na capital federal, em abril de 2017.<\/p>\n","protected":false},"excerpt":{"rendered":"<p>A 14\u00aa Marcha dos Vereadores reuniu parlamentares de 340 munic\u00edpios de todo o Brasil. Vereadores estavam reunidos em Bras\u00edlia desde ter\u00e7a-feira. No Brasil h\u00e1 57.261 vereadores, 5.570 munic\u00edpios Mais de cem vereadores, de diversas partes do pa\u00eds fizeram uma manifesta\u00e7\u00e3o em frente ao Congresso Nacional, nesta sexta-feira (29). \u00a0 Um novo pacto federativo, a \u00e9tica e melhor administra\u00e7\u00e3o da m\u00e1quina [&hellip;]<\/p>\n","protected":false},"author":27,"featured_media":0,"comment_status":"open","ping_status":"closed","sticky":false,"template":"","format":"standard","meta":{"footnotes":""},"categories":[1],"tags":[693,1756,467,2017,1151,1934,2015,2016,268,316,259,1047],"class_list":["post-1621","post","type-post","status-publish","format-standard","hentry","category-sem-categoria","tag-congresso-nacional","tag-etica","tag-falta","tag-federativo","tag-manifestacao","tag-marcha","tag-nunicipios","tag-pacto","tag-parlamentares","tag-recursos","tag-verba","tag-vereadores"],"_links":{"self":[{"href":"https:\/\/blogs.correiobraziliense.com.br\/servidor\/wp-json\/wp\/v2\/posts\/1621","targetHints":{"allow":["GET"]}}],"collection":[{"href":"https:\/\/blogs.correiobraziliense.com.br\/servidor\/wp-json\/wp\/v2\/posts"}],"about":[{"href":"https:\/\/blogs.correiobraziliense.com.br\/servidor\/wp-json\/wp\/v2\/types\/post"}],"author":[{"embeddable":true,"href":"https:\/\/blogs.correiobraziliense.com.br\/servidor\/wp-json\/wp\/v2\/users\/27"}],"replies":[{"embeddable":true,"href":"https:\/\/blogs.correiobraziliense.com.br\/servidor\/wp-json\/wp\/v2\/comments?post=1621"}],"version-history":[{"count":1,"href":"https:\/\/blogs.correiobraziliense.com.br\/servidor\/wp-json\/wp\/v2\/posts\/1621\/revisions"}],"predecessor-version":[{"id":1622,"href":"https:\/\/blogs.correiobraziliense.com.br\/servidor\/wp-json\/wp\/v2\/posts\/1621\/revisions\/1622"}],"wp:attachment":[{"href":"https:\/\/blogs.correiobraziliense.com.br\/servidor\/wp-json\/wp\/v2\/media?parent=1621"}],"wp:term":[{"taxonomy":"category","embeddable":true,"href":"https:\/\/blogs.correiobraziliense.com.br\/servidor\/wp-json\/wp\/v2\/categories?post=1621"},{"taxonomy":"post_tag","embeddable":true,"href":"https:\/\/blogs.correiobraziliense.com.br\/servidor\/wp-json\/wp\/v2\/tags?post=1621"}],"curies":[{"name":"wp","href":"https:\/\/api.w.org\/{rel}","templated":true}]}}